{"id":2133,"date":"2015-05-23T07:49:22","date_gmt":"2015-05-23T07:49:22","guid":{"rendered":"http:\/\/www.automatic-security.info\/?p=2133"},"modified":"2015-05-23T07:49:22","modified_gmt":"2015-05-23T07:49:22","slug":"hoszigetelt-ipari-kapu-a-prizma-logisztika-kft-raktarainak-bejarataihoz","status":"publish","type":"post","link":"https:\/\/www.automatic-security.info\/?p=2133","title":{"rendered":"H\u0151szigetelt ipari kapu a Prizma Logisztika Kft rakt\u00e1rainak bej\u00e1rataihoz"},"content":{"rendered":"<p style=\"text-align: justify;\">K\u00e9t szolnoki felszerel\u00e9s\u0171 <strong>ipari kapu<\/strong> ker\u00fcl most bemutat\u00e1sra. A <strong>Prizma Logisztika Kft<\/strong>. rakt\u00e1rb\u00e1zisa a rendszeres \u00e1ruforgalom miatt keresett egy megb\u00edzhat\u00f3 \u00e9s j\u00f3l z\u00e1r\u00f3d\u00f3 <strong>ipari kapu<\/strong> lehet\u0151s\u00e9get. A felt\u00e9telek szerint az <strong>ipari kapu<\/strong> megb\u00edzhat\u00f3, hossz\u00fa \u00e9lettartam\u00fa, strapab\u00edr\u00f3 \u00e9s j\u00f3 h\u0151szigetel\u0151 kell, hogy legyen. Meghib\u00e1sod\u00e1s n\u00e9lk\u00fcl kell v\u00e9geznie a napi t\u00f6bb sz\u00e1zszori nyit\u00e1si ciklust.<\/p>\n<p style=\"text-align: justify;\"><!--more--><\/p>\n<p style=\"text-align: justify;\">Ugyanakkor a k\u00e9r\u00e9sek k\u00f6z\u00f6tt szerepelt az is, hogy a kapuk tartalmazzanak kitekint\u00e9sre alkalmas ablakokat, de ez nem mehet a h\u0151szigetel\u00e9s rov\u00e1s\u00e1ra. A helysz\u00edni szemle \u00e9s a lehet\u0151s\u00e9gek \u00e1tbesz\u00e9l\u00e9se ut\u00e1n, szak\u00e9rt\u0151ink k\u00e9t darab kiv\u00e1l\u00f3 min\u0151s\u00e9g\u0171, <strong>h\u0151szigetelt ipari kapu<\/strong> kivitelez\u00e9s\u00e9re tettek javaslatot. Mindk\u00e9t <a title=\"Min\u0151s\u00e9gi \u00e9s h\u0151szigetelt ipari kapu rendszerek hossz\u00fa t\u00e1vra \" href=\"http:\/\/www.autosec.hu\/ditec-ipari-kapuk\" target=\"_blank\"><strong>ipari kapu<\/strong><\/a> h\u00e1rom-h\u00e1rom, remek h\u0151szigetel\u0151 tulajdons\u00e1gokkal rendelkez\u0151 bevil\u00e1g\u00edt\u00f3 ablakot is kapott.<\/p>\n<div id=\"attachment_2137\" style=\"width: 610px\" class=\"wp-caption aligncenter\"><a href=\"http:\/\/www.automatic-security.info\/wp-content\/uploads\/2015\/05\/prizma-logisztika-kft-hoszigetelt-ipari-kapu.jpg\"><img aria-describedby=\"caption-attachment-2137\" loading=\"lazy\" class=\"size-full wp-image-2137\" title=\"Prizma Logisztika Kft h\u0151szigetelt ipari kapuja\" src=\"http:\/\/www.automatic-security.info\/wp-content\/uploads\/2015\/05\/prizma-logisztika-kft-hoszigetelt-ipari-kapu.jpg\" alt=\"Prizma Logisztika Kft h\u0151szigetelt ipari kapuja\" width=\"600\" height=\"450\" srcset=\"https:\/\/www.automatic-security.info\/wp-content\/uploads\/2015\/05\/prizma-logisztika-kft-hoszigetelt-ipari-kapu.jpg 600w, https:\/\/www.automatic-security.info\/wp-content\/uploads\/2015\/05\/prizma-logisztika-kft-hoszigetelt-ipari-kapu-300x225.jpg 300w\" sizes=\"(max-width: 600px) 100vw, 600px\" \/><\/a><p id=\"caption-attachment-2137\" class=\"wp-caption-text\">Prizma Logisztika Kft h\u0151szigetelt ipari kapuja<\/p><\/div>\n<p style=\"text-align: justify;\">Az <strong>ipari kapuk<\/strong> sz\u00ednv\u00e1laszt\u00e1sa a megl\u00e9v\u0151 \u00e9p\u00fcletelemekhez t\u00f6rt\u00e9n\u0151 harmoniz\u00e1ci\u00f3 jegy\u00e9ben sz\u00fcletett, \u00edgy a ny\u00edl\u00e1sz\u00e1r\u00f3k makul\u00e1tlanul illeszkednek k\u00f6rnyezet\u00fckh\u00f6z. A megfelel\u0151 s\u00ednrendszerek ki\u00e9p\u00edt\u00e9se, a k\u00e9t kapu \u00f6sszeszerel\u00e9se \u00e9s be\u00fczemel\u00e9se r\u00f6vid hat\u00e1rid\u0151vel meg is t\u00f6rt\u00e9nt. A nyit\u00e1s \u00e9s z\u00e1r\u00e1s vez\u00e9rl\u00e9se nyom\u00f3gombbal t\u00f6rt\u00e9nik. A <a title=\"H\u0151szigetelt ipari kapu a Prizma Logisztika Kft szolnoki rakt\u00e1rb\u00e1zis\u00e1n\" href=\"http:\/\/ipari-kapu.aas.hu\/ipari-kapu-referencia_prizma-logisztika\" target=\"_blank\"><strong>Prizma Logisztika Kft<\/strong><\/a>. rakt\u00e1rainak bej\u00e1rataihoz ki\u00e9p\u00edtett k\u00e9t <strong>ipari kapu<\/strong> a megb\u00edzhat\u00f3s\u00e1got, \u00e9s az egyszer\u0171 funkcionalit\u00e1st t\u00fckr\u00f6zi.<\/p>\n<div id=\"attachment_2138\" style=\"width: 610px\" class=\"wp-caption aligncenter\"><a href=\"http:\/\/www.automatic-security.info\/wp-content\/uploads\/2015\/05\/prizma-logisztika-kft-motoros-ipari-kapu-belulrol.jpg\"><img aria-describedby=\"caption-attachment-2138\" loading=\"lazy\" class=\"size-full wp-image-2138\" title=\"Prizma Logisztika Kft motoros ipari kapu bel\u00fclr\u0151l\" src=\"http:\/\/www.automatic-security.info\/wp-content\/uploads\/2015\/05\/prizma-logisztika-kft-motoros-ipari-kapu-belulrol.jpg\" alt=\"Prizma Logisztika Kft motoros ipari kapu bel\u00fclr\u0151l\" width=\"600\" height=\"450\" srcset=\"https:\/\/www.automatic-security.info\/wp-content\/uploads\/2015\/05\/prizma-logisztika-kft-motoros-ipari-kapu-belulrol.jpg 600w, https:\/\/www.automatic-security.info\/wp-content\/uploads\/2015\/05\/prizma-logisztika-kft-motoros-ipari-kapu-belulrol-300x225.jpg 300w\" sizes=\"(max-width: 600px) 100vw, 600px\" \/><\/a><p id=\"caption-attachment-2138\" class=\"wp-caption-text\">Prizma Logisztika Kft motoros ipari kapu bel\u00fclr\u0151l<\/p><\/div>\n<p style=\"text-align: justify;\">Ugyanakkor mindk\u00e9t <strong>ipari kapu<\/strong> \u2013 bizonyos szempontb\u00f3l \u2013 ett\u0151l t\u00f6bb, hiszen nagyszer\u0171 h\u0151szigetel\u00e9ssel, valamint h\u0151szigetelt ablakokkal is rendelkezik. A rakt\u00e1r prec\u00edz \u00e9s massz\u00edv z\u00e1r\u00e1s\u00e1t v\u00e9gz\u0151 k\u00e9t ipari kapu mozgat\u00e1s\u00e1r\u00f3l k\u00e9t k\u00fcl\u00f6n\u00e1ll\u00f3, er\u0151s, j\u00f3l terhelhet\u0151 ipari kapunyit\u00f3 motor gondoskodik, amelyet k\u00e9t professzion\u00e1lis min\u0151s\u00e9g\u0171 torzi\u00f3s rug\u00f3 seg\u00edt.<\/p>\n<div id=\"attachment_2141\" style=\"width: 610px\" class=\"wp-caption aligncenter\"><a href=\"http:\/\/www.automatic-security.info\/wp-content\/uploads\/2015\/05\/ipari-kapu-hoszigetelt-ablakokkal.jpg\"><img aria-describedby=\"caption-attachment-2141\" loading=\"lazy\" class=\"size-full wp-image-2141\" title=\"Szekcion\u00e1lt ipari kapu h\u0151szigetelt ablakokkal a Prizma Logisztika Kft rakt\u00e1r\u00e1ban\" src=\"http:\/\/www.automatic-security.info\/wp-content\/uploads\/2015\/05\/ipari-kapu-hoszigetelt-ablakokkal.jpg\" alt=\"Szekcion\u00e1lt ipari kapu h\u0151szigetelt ablakokkal a Prizma Logisztika Kft rakt\u00e1r\u00e1ban\" width=\"600\" height=\"450\" srcset=\"https:\/\/www.automatic-security.info\/wp-content\/uploads\/2015\/05\/ipari-kapu-hoszigetelt-ablakokkal.jpg 600w, https:\/\/www.automatic-security.info\/wp-content\/uploads\/2015\/05\/ipari-kapu-hoszigetelt-ablakokkal-300x225.jpg 300w\" sizes=\"(max-width: 600px) 100vw, 600px\" \/><\/a><p id=\"caption-attachment-2141\" class=\"wp-caption-text\">Szekcion\u00e1lt ipari kapu h\u0151szigetelt ablakokkal a Prizma Logisztika Kft rakt\u00e1r\u00e1ban<\/p><\/div>\n<p style=\"text-align: justify;\">A <strong>Prizma Logisztika Kft<\/strong>. \u00e1ltal v\u00e1lasztott <strong>h\u0151szigetelt ipari kapu<\/strong> megold\u00e1s a gazdas\u00e1gos \u00e9s id\u0151t\u00e1ll\u00f3 lehet\u0151s\u00e9g. Ugyanakkor a modern ipari kapu nem akad\u00e1lyozza a rakod\u00e1st vagy az \u00e1thalad\u00e1st, hiszen felfel\u00e9 ny\u00edlik, a lehet\u0151 legkevesebb hasznos teret \u00e9rintve. A <strong>min\u0151s\u00e9gi ipari kapu<\/strong> \u00e9s az er\u0151s motor egy\u00fcttesen biztos\u00edtja a v\u00e1llalkoz\u00e1s rakt\u00e1r\u00e1nak zavartalan haszn\u00e1lat\u00e1t \u00e9s ig\u00e9nyes megjelen\u00e9s\u00e9t. Ha t\u00f6bbet is szeretne megtudni a <strong>korszer\u0171 ipari kapu<\/strong> rendszerekr\u0151l, l\u00e1togasson el az <a title=\"Alarm &amp; Automatic System Kft - kaputechnika, biztons\u00e1gtechnika, automata ajt\u00f3 \u00e9s kl\u00edmatechnika\" href=\"http:\/\/www.aas.hu\/\" target=\"_blank\"><strong>Alarm &amp; Automatic System Kft<\/strong><\/a> honlapj\u00e1ra.<\/p>\n","protected":false},"excerpt":{"rendered":"<p>K\u00e9t szolnoki felszerel\u00e9s\u0171 ipari kapu ker\u00fcl most bemutat\u00e1sra. A Prizma Logisztika Kft. rakt\u00e1rb\u00e1zisa a rendszeres \u00e1ruforgalom miatt keresett egy megb\u00edzhat\u00f3 \u00e9s j\u00f3l z\u00e1r\u00f3d\u00f3 ipari kapu lehet\u0151s\u00e9get. A felt\u00e9telek szerint az ipari kapu megb\u00edzhat\u00f3, hossz\u00fa \u00e9lettartam\u00fa, strapab\u00edr\u00f3 \u00e9s j\u00f3 h\u0151szigetel\u0151 kell, hogy legyen. Meghib\u00e1sod\u00e1s n\u00e9lk\u00fcl kell v\u00e9geznie a napi t\u00f6bb sz\u00e1zszori\u2026<\/p>\n<p class=\"continue-reading-button\"> <a class=\"continue-reading-link\" href=\"https:\/\/www.automatic-security.info\/?p=2133\">tov\u00e1bb<i class=\"crycon-right-dir\"><\/i><\/a><\/p>\n","protected":false},"author":4,"featured_media":2136,"comment_status":"closed","ping_status":"closed","sticky":false,"template":"","format":"standard","meta":[],"categories":[1],"tags":[83,14,77,149],"aioseo_notices":[],"_links":{"self":[{"href":"https:\/\/www.automatic-security.info\/index.php?rest_route=\/wp\/v2\/posts\/2133"}],"collection":[{"href":"https:\/\/www.automatic-security.info\/index.php?rest_route=\/wp\/v2\/posts"}],"about":[{"href":"https:\/\/www.automatic-security.info\/index.php?rest_route=\/wp\/v2\/types\/post"}],"author":[{"embeddable":true,"href":"https:\/\/www.automatic-security.info\/index.php?rest_route=\/wp\/v2\/users\/4"}],"replies":[{"embeddable":true,"href":"https:\/\/www.automatic-security.info\/index.php?rest_route=%2Fwp%2Fv2%2Fcomments&post=2133"}],"version-history":[{"count":5,"href":"https:\/\/www.automatic-security.info\/index.php?rest_route=\/wp\/v2\/posts\/2133\/revisions"}],"predecessor-version":[{"id":2154,"href":"https:\/\/www.automatic-security.info\/index.php?rest_route=\/wp\/v2\/posts\/2133\/revisions\/2154"}],"wp:featuredmedia":[{"embeddable":true,"href":"https:\/\/www.automatic-security.info\/index.php?rest_route=\/wp\/v2\/media\/2136"}],"wp:attachment":[{"href":"https:\/\/www.automatic-security.info\/index.php?rest_route=%2Fwp%2Fv2%2Fmedia&parent=2133"}],"wp:term":[{"taxonomy":"category","embeddable":true,"href":"https:\/\/www.automatic-security.info\/index.php?rest_route=%2Fwp%2Fv2%2Fcategories&post=2133"},{"taxonomy":"post_tag","embeddable":true,"href":"https:\/\/www.automatic-security.info\/index.php?rest_route=%2Fwp%2Fv2%2Ftags&post=2133"}],"curies":[{"name":"wp","href":"https:\/\/api.w.org\/{rel}","templated":true}]}}