{"id":3128,"date":"2016-06-15T08:28:52","date_gmt":"2016-06-15T08:28:52","guid":{"rendered":"http:\/\/www.automatic-security.info\/?p=3128"},"modified":"2016-06-15T08:28:52","modified_gmt":"2016-06-15T08:28:52","slug":"uj-seat-suv-ateca-a-stilusos-tars","status":"publish","type":"post","link":"https:\/\/www.automatic-security.info\/?p=3128","title":{"rendered":"\u00daj Seat SUV \u2013 Ateca a st\u00edlusos t\u00e1rs"},"content":{"rendered":"<p style=\"text-align: justify;\">A korszer\u0171 Seat Ateca remek t\u00e1rs a v\u00e1ltozatos \u00e9s akt\u00edv \u00e9letm\u00f3d mindennapjai alatt. A spanyol m\u00e1rka els\u0151 SUV modellje saj\u00e1tos formavil\u00e1g\u00e1val \u00e9s sokoldal\u00fas\u00e1g\u00e1val h\u00f3d\u00edt.<!--more--> Formaterve hat\u00e1rozott \u00e9s kifinomult, mik\u00f6zben n\u00edv\u00f3s bels\u0151 tere az \u00f6sszes utaz\u00e1st \u00e9lm\u00e9nny\u00e9 var\u00e1zsolja. A legkorszer\u0171bb seg\u00e9drendszerek \u00e9s m\u0171szaki megold\u00e1sok sz\u00e9les v\u00e1laszt\u00e9ka biztos\u00edtja a g\u00e9pkocsiban helyet foglal\u00f3k k\u00e9nyelm\u00e9t \u00e9s biztons\u00e1g\u00e1t, \u00e1ltaluk v\u00e1lik az Ateca kateg\u00f3ri\u00e1j\u00e1nak egyik leginnovat\u00edvabb SUV modellj\u00e9v\u00e9. K\u00fcl\u00f6nleges min\u0151s\u00e9ge, prec\u00edz gy\u00e1rt\u00e1si technol\u00f3gi\u00e1ja \u00e9s kimondottan vonz\u00f3 \u00e1r\/\u00e9rt\u00e9k-ar\u00e1nya r\u00e9v\u00e9n a korszer\u0171 Ateca a v\u00e9rbeli Seat modellek sor\u00e1t b\u0151v\u00edti.<\/p>\n<p style=\"text-align: justify;\">\u201eA modern Ateca j\u00f3kora szerepet kap a m\u00e1rka modern, a fenntarthat\u00f3an nyeres\u00e9ges m\u0171k\u00f6d\u00e9st biztos\u00edt\u00f3 strat\u00e9gi\u00e1j\u00e1ban. Ezzel az SUV modellel a sorainkban a Seat biztosan halad tov\u00e1bb az aktu\u00e1lis n\u00f6veked\u00e9si p\u00e1ly\u00e1n \u00e9s ezzel k\u00f6z\u00f6sen folytat\u00f3dik a m\u00e1rk\u00e1r\u00f3l kialakult k\u00e9p meg\u00faj\u00edt\u00e1sa.\u201d &#8211; nyilatkozta Luca de Meo, a Seat S. A. eln\u00f6ke. \u201eSz\u00ednre l\u00e9p\u00e9s\u00e9vel mindazon\u00e1ltal megkezd\u0151dik a Seat t\u00f6rt\u00e9net\u00e9nek legnagyobb term\u00e9koffenz\u00edv\u00e1ja. Az SUV-k piaca a legdinamikusabban b\u0151v\u00fcl\u0151 szegmens, az Ateca piaci megjelen\u00e9se ugyanakkor \u00f3ri\u00e1si l\u00e9p\u00e9s a t\u00e1rsas\u00e1g r\u00e9sz\u00e9re. A Seat az Ateca modellre \u00fagy tekint, mint a Leon \u00e9s az Ibiza modellcsal\u00e1dok melletti harmadik pill\u00e9rre.\u201d<\/p>\n<div id=\"attachment_3134\" style=\"width: 610px\" class=\"wp-caption aligncenter\"><a href=\"http:\/\/www.automatic-security.info\/wp-content\/uploads\/2016\/06\/seat-ateca-uj-suv-auto-3.jpg\"><img aria-describedby=\"caption-attachment-3134\" loading=\"lazy\" class=\"wp-image-3134 size-full\" title=\"A korszer\u0171 Seat Ateca remek t\u00e1rs a v\u00e1ltozatos \u00e9s akt\u00edv \u00e9letm\u00f3d mindennapjai alatt\" src=\"http:\/\/www.automatic-security.info\/wp-content\/uploads\/2016\/06\/seat-ateca-uj-suv-auto-3.jpg\" alt=\"A korszer\u0171 Seat Ateca remek t\u00e1rs a v\u00e1ltozatos \u00e9s akt\u00edv \u00e9letm\u00f3d mindennapjai alatt\" width=\"600\" height=\"399\" srcset=\"https:\/\/www.automatic-security.info\/wp-content\/uploads\/2016\/06\/seat-ateca-uj-suv-auto-3.jpg 600w, https:\/\/www.automatic-security.info\/wp-content\/uploads\/2016\/06\/seat-ateca-uj-suv-auto-3-300x200.jpg 300w\" sizes=\"(max-width: 600px) 100vw, 600px\" \/><\/a><p id=\"caption-attachment-3134\" class=\"wp-caption-text\">Seat Ateca sz\u00ednv\u00e1ltozatok<\/p><\/div>\n<p style=\"text-align: justify;\">A Seat Ateca m\u00e1r ny\u00e1r elej\u00e9n el\u00e9rhet\u0151 lesz N\u00e9metorsz\u00e1gban \u00e9s Spanyolorsz\u00e1gban, a t\u00f6bbi piacra mindazon\u00e1ltal ezt k\u00f6vet\u0151en permanensen t\u00f6rt\u00e9nik a bevezet\u00e9se, Magyarorsz\u00e1gra szeptemberben \u00e9rkezik. Benzines \u00e9s d\u00edzel er\u0151forr\u00e1sai 115 (85 kW) \u00e9s 190 LE (140 kW) k\u00f6z\u00f6tti teljes\u00edtm\u00e9nytartom\u00e1nyt \u00f6lelnek fel, hajt\u00e1srendszerei k\u00f6zt ugyanakkor megtal\u00e1lhat\u00f3 az els\u0151- \u00e9s az \u00f6sszeker\u00e9k hajt\u00e1s\u00fa v\u00e1ltozat is, amelyeket k\u00e9zi &#8211; \u00e9s kett\u0151s tengelykapcsol\u00f3s (DSG) v\u00e1lt\u00f3m\u0171vel kombin\u00e1lhatunk. A sz\u00ednvonalas extrafelszerel\u00e9sek v\u00e1laszt\u00e9ka a teljes-LED f\u00e9nysz\u00f3r\u00f3kt\u00f3l a fejlett vezet\u0151i seg\u00e9drendszerek &#8211; ak\u00e1rcsak a k\u00f6zleked\u00e9si torl\u00f3d\u00e1s asszisztens (Traffic Jam Assist) \u00e9s a korszer\u0171 v\u00e9szhelyzet-asszisztens (Emergency Assist) &#8211; sokas\u00e1g\u00e1n kereszt\u00fcl, eg\u00e9szen az infotainment rendszerek 8 colos k\u00e9p\u00e1tl\u00f3j\u00fa \u00e9rint\u0151k\u00e9perny\u0151vel \u00e9s Full Link csatlakoz\u00e1ssal funkcion\u00e1l\u00f3, legfrissebb gener\u00e1ci\u00f3j\u00e1ig terjed. A h\u00e1rom felszerelts\u00e9gi szint \u00edzl\u00e9ses sz\u00ednek \u00e9s cs\u00facsmin\u0151s\u00e9g\u0171 anyagok az \u00f6sszes ig\u00e9nyt kiel\u00e9g\u00edt\u0151 palett\u00e1j\u00e1val szolg\u00e1l, a k\u00edn\u00e1lat cs\u00facs\u00e1t ugyanakkor az Ateca XCELLENCE k\u00e9pviseli ezut\u00e1n.<\/p>\n<div id=\"attachment_3133\" style=\"width: 610px\" class=\"wp-caption aligncenter\"><a href=\"http:\/\/www.automatic-security.info\/wp-content\/uploads\/2016\/06\/seat-ateca-uj-suv-auto-2.jpg\"><img aria-describedby=\"caption-attachment-3133\" loading=\"lazy\" class=\"wp-image-3133 size-full\" title=\"A korszer\u0171 Seat Ateca remek t\u00e1rs a v\u00e1ltozatos \u00e9s akt\u00edv \u00e9letm\u00f3d mindennapjai alatt\" src=\"http:\/\/www.automatic-security.info\/wp-content\/uploads\/2016\/06\/seat-ateca-uj-suv-auto-2.jpg\" alt=\"A korszer\u0171 Seat Ateca remek t\u00e1rs a v\u00e1ltozatos \u00e9s akt\u00edv \u00e9letm\u00f3d mindennapjai alatt\" width=\"600\" height=\"399\" srcset=\"https:\/\/www.automatic-security.info\/wp-content\/uploads\/2016\/06\/seat-ateca-uj-suv-auto-2.jpg 600w, https:\/\/www.automatic-security.info\/wp-content\/uploads\/2016\/06\/seat-ateca-uj-suv-auto-2-300x200.jpg 300w\" sizes=\"(max-width: 600px) 100vw, 600px\" \/><\/a><p id=\"caption-attachment-3133\" class=\"wp-caption-text\">\u00daj v\u00e1rosi SUV a Seat Ateca<\/p><\/div>\n<p style=\"text-align: justify;\">\u201eA modern Ateca egy er\u0151s Seat g\u00e9nekkel ell\u00e1tott v\u00e9rbeli SUV modell, amely jelent\u0151s terepes adotts\u00e1gai mellett legjobb alternat\u00edva a v\u00e1rosi k\u00f6zleked\u00e9sre is. Speci\u00e1lis vezet\u00e9si \u00e9lm\u00e9nyt aj\u00e1nl, amelyet a vezet\u0151t seg\u00edt\u0151 m\u0171szaki megold\u00e1sok sz\u00e9les sk\u00e1l\u00e1ja t\u00e1mogat.\u201d &#8211; nyilatkozta Matthias Rabe, a Seat kutat\u00e1s \u00e9s fejleszt\u00e9s ter\u00fclet\u00e9\u00e9rt felel\u0151s aleln\u00f6ke. \u201eAz Ateca kateg\u00f3ri\u00e1j\u00e1nak legjobban kihaszn\u00e1lhat\u00f3 k\u00fcld\u00f6tte betudhat\u00f3an a csomagt\u00e9r befogad\u00f3k\u00e9pess\u00e9g\u00e9nek, a k\u00e9nyelmet el\u0151t\u00e9rbe helyez\u0151 bels\u0151 ter\u00e9nek \u00e9s term\u00e9szetesen annak a 8 col k\u00e9p\u00e1tl\u00f3j\u00fa \u00e9rint\u0151k\u00e9perny\u0151nek, amely az infotainment \u00e9s a navig\u00e1ci\u00f3s funkci\u00f3k egyes\u00edt\u00e9s\u00e9vel az \u00f6sszekapcsolhat\u00f3s\u00e1g ter\u00e9n emeli ki a modellt. A nagyszer\u0171 csatlakoztathat\u00f3s\u00e1got a Seat Full Link rendszere, a m\u00e1rka saj\u00e1t technol\u00f3giai megold\u00e1sa biztos\u00edtja.\u201d<\/p>\n<p style=\"text-align: justify;\">A modern Seat Ateca a trad\u00edci\u00f3 folytat\u00e1sak\u00e9nt egy spanyol helys\u00e9gr\u0151l kapta a nev\u00e9t, ez\u00fattal egy Zaragoz\u00e1t\u00f3l nyugatra, az Ib\u00e9riai-f\u00e9lsziget sz\u00edv\u00e9ben fekv\u0151 falu volt a legmodernebb Seat modell n\u00e9vad\u00f3ja.<\/p>\n","protected":false},"excerpt":{"rendered":"<p>A korszer\u0171 Seat Ateca remek t\u00e1rs a v\u00e1ltozatos \u00e9s akt\u00edv \u00e9letm\u00f3d mindennapjai alatt. A spanyol m\u00e1rka els\u0151 SUV modellje saj\u00e1tos formavil\u00e1g\u00e1val \u00e9s sokoldal\u00fas\u00e1g\u00e1val h\u00f3d\u00edt.<\/p>\n<p class=\"continue-reading-button\"> <a class=\"continue-reading-link\" href=\"https:\/\/www.automatic-security.info\/?p=3128\">tov\u00e1bb<i class=\"crycon-right-dir\"><\/i><\/a><\/p>\n","protected":false},"author":2,"featured_media":3132,"comment_status":"closed","ping_status":"closed","sticky":false,"template":"","format":"standard","meta":[],"categories":[117],"tags":[233,259,260],"aioseo_notices":[],"_links":{"self":[{"href":"https:\/\/www.automatic-security.info\/index.php?rest_route=\/wp\/v2\/posts\/3128"}],"collection":[{"href":"https:\/\/www.automatic-security.info\/index.php?rest_route=\/wp\/v2\/posts"}],"about":[{"href":"https:\/\/www.automatic-security.info\/index.php?rest_route=\/wp\/v2\/types\/post"}],"author":[{"embeddable":true,"href":"https:\/\/www.automatic-security.info\/index.php?rest_route=\/wp\/v2\/users\/2"}],"replies":[{"embeddable":true,"href":"https:\/\/www.automatic-security.info\/index.php?rest_route=%2Fwp%2Fv2%2Fcomments&post=3128"}],"version-history":[{"count":1,"href":"https:\/\/www.automatic-security.info\/index.php?rest_route=\/wp\/v2\/posts\/3128\/revisions"}],"predecessor-version":[{"id":3135,"href":"https:\/\/www.automatic-security.info\/index.php?rest_route=\/wp\/v2\/posts\/3128\/revisions\/3135"}],"wp:featuredmedia":[{"embeddable":true,"href":"https:\/\/www.automatic-security.info\/index.php?rest_route=\/wp\/v2\/media\/3132"}],"wp:attachment":[{"href":"https:\/\/www.automatic-security.info\/index.php?rest_route=%2Fwp%2Fv2%2Fmedia&parent=3128"}],"wp:term":[{"taxonomy":"category","embeddable":true,"href":"https:\/\/www.automatic-security.info\/index.php?rest_route=%2Fwp%2Fv2%2Fcategories&post=3128"},{"taxonomy":"post_tag","embeddable":true,"href":"https:\/\/www.automatic-security.info\/index.php?rest_route=%2Fwp%2Fv2%2Ftags&post=3128"}],"curies":[{"name":"wp","href":"https:\/\/api.w.org\/{rel}","templated":true}]}}