{"id":3154,"date":"2016-06-29T13:42:43","date_gmt":"2016-06-29T13:42:43","guid":{"rendered":"http:\/\/www.automatic-security.info\/?p=3154"},"modified":"2016-06-29T13:42:43","modified_gmt":"2016-06-29T13:42:43","slug":"a-magyarok-kutyusebbek-mint-az-europai-atlag","status":"publish","type":"post","link":"https:\/\/www.automatic-security.info\/?p=3154","title":{"rendered":"A Magyarok k\u00fcty\u00fcsebbek, mint az eur\u00f3pai \u00e1tlag"},"content":{"rendered":"<p style=\"text-align: justify;\">A magyarok az eur\u00f3pai \u00e1tlagn\u00e1l sokkal intenz\u00edvebben \u00e9rdekl\u0151dnek a technol\u00f3giai \u00faj\u00edt\u00e1sok ir\u00e1nt &#8211; der\u00fcl ki a Samsung 18 eur\u00f3pai orsz\u00e1got \u00e9rint\u0151 felm\u00e9r\u00e9s\u00e9b\u0151l. A kutat\u00e1s azt is felt\u00e1rta, hogy b\u00e1r a magyar f\u00e9rfiak &#8211; egy n\u00e9mely korig &#8211; fog\u00e9konyabbak a modern k\u00fcty\u00fck ir\u00e1nt, b\u00e1r a n\u0151k jobban \u00e9lvezik azok el\u0151nyeit.<!--more--><\/p>\n<p style=\"text-align: justify;\">A Samsung v\u00e1s\u00e1rl\u00f3i szok\u00e1sokat vizsg\u00e1l\u00f3 friss kutat\u00e1sb\u00f3l kider\u00fcl, hogy a magyarok j\u00f3val nyitottabbak a modern m\u0171szaki megold\u00e1s \u00fajdons\u00e1gok ir\u00e1nt, mint az eur\u00f3pai \u00e1tlag: 58 sz\u00e1zal\u00e9kuk nyilatkozta, hogy figyelemmel k\u00eds\u00e9ri a korszer\u0171 innov\u00e1ci\u00f3kat, \u00e9s 86 sz\u00e1zal\u00e9kuk mondta, hogy foglalkoztatj\u00e1k a k\u00f6zelj\u00f6v\u0151ben v\u00e1s\u00e1rolni tervezett elektronika k\u00e9sz\u00fcl\u00e9k tulajdons\u00e1gai, szemben az eur\u00f3paiak 25, ezenfel\u00fcl 45 sz\u00e1zal\u00e9k\u00e1val. A kin\u00e9zett korszer\u0171 k\u00e9sz\u00fcl\u00e9kkel szemben mindemellett sokkal nagyobb elv\u00e1r\u00e1saink is vannak, mint az eur\u00f3pai \u00e1tlagnak. Ameddig a magyarok 59 sz\u00e1zal\u00e9ka v\u00e1rja el a modern berendez\u00e9st\u0151l vagy k\u00e9sz\u00fcl\u00e9kt\u0151l, hogy megk\u00f6nny\u00edti, egyszer\u0171bb\u00e9 teszi az \u00e9let\u00e9t, az \u00e1tlagos eur\u00f3paiak csak 42 sz\u00e1zal\u00e9k\u00e1nak van ilyen elv\u00e1r\u00e1sa.<\/p>\n<h2 style=\"text-align: left;\">A magyarok r\u00e1kattannak a korszer\u0171 k\u00fcty\u00fckre<\/h2>\n<p style=\"text-align: justify;\">A magyarok inform\u00e1ci\u00f3 \u00e9hs\u00e9ge a t\u00e9m\u00e1ban is j\u00f3csk\u00e1n meghaladja az eur\u00f3pai \u00e1tlagot: a megk\u00e9rdezettek mind\u00f6ssze 2 sz\u00e1zal\u00e9ka \u00e9rzi \u00fagy, hogy leterhelik a permanens innov\u00e1ci\u00f3kr\u00f3l sz\u00f3l\u00f3 h\u00edrek, szemben az eur\u00f3paiak 13 sz\u00e1zal\u00e9k\u00e1val.<\/p>\n<p style=\"text-align: justify;\">A rendelkez\u00e9sre \u00e1ll\u00f3 inform\u00e1ci\u00f3k \u00e9rtelmez\u00e9s\u00e9vel viszont gyakrabban gy\u0171lik meg a bajunk: a magyarok 21 sz\u00e1zal\u00e9ka nyilatkozta, hogy \u00f6sszezavarj\u00e1k az \u00fajabb \u00e9s \u00fajabb technol\u00f3giai szakkifejez\u00e9sek, mik\u00f6zben az eur\u00f3pai \u00e1tlag mind\u00f6ssze 12 sz\u00e1zal\u00e9k. El\u0151bbi adat \u00f6sszhangban van azzal is, hogy am\u00edg itthon a megk\u00e9rdezettek alig 5 sz\u00e1zal\u00e9ka merte kijelenti, hogy k\u00f6ztudatban forg\u00f3 az \u00f6sszes technol\u00f3giai kifejez\u00e9st \u00e9rti, ameddig eur\u00f3pai viszonylatban a megk\u00e9rdezettek t\u00f6bb mint 12 sz\u00e1zal\u00e9ka b\u00edzik az ilyen ir\u00e1ny\u00fa j\u00e1rtass\u00e1g\u00e1ban.<\/p>\n<p style=\"text-align: justify;\">Arr\u00f3l viszont az eur\u00f3pai \u00e1tlaghoz roppantul hasonl\u00f3an gondolkozunk, hogy a technol\u00f3giai fejl\u0151d\u00e9s elker\u00fclhetetlen. A magyarok 39 sz\u00e1zal\u00e9ka, ami k\u00e9t sz\u00e1zal\u00e9kkal magasabb, mint az eur\u00f3pai \u00e1tlag.<\/p>\n<div id=\"attachment_3158\" style=\"width: 610px\" class=\"wp-caption aligncenter\"><img aria-describedby=\"caption-attachment-3158\" loading=\"lazy\" class=\"wp-image-3158 size-full\" title=\"A magyarok az eur\u00f3pai \u00e1tlagn\u00e1l sokkal intenz\u00edvebben \u00e9rdekl\u0151dnek a technol\u00f3giai \u00faj\u00edt\u00e1sok ir\u00e1nt\" src=\"http:\/\/www.automatic-security.info\/wp-content\/uploads\/2016\/06\/samsung-felmeres-technikai-eszkozok-grafikon.jpg\" alt=\"A magyarok az eur\u00f3pai \u00e1tlagn\u00e1l sokkal intenz\u00edvebben \u00e9rdekl\u0151dnek a technol\u00f3giai \u00faj\u00edt\u00e1sok ir\u00e1nt\" width=\"600\" height=\"356\" srcset=\"https:\/\/www.automatic-security.info\/wp-content\/uploads\/2016\/06\/samsung-felmeres-technikai-eszkozok-grafikon.jpg 600w, https:\/\/www.automatic-security.info\/wp-content\/uploads\/2016\/06\/samsung-felmeres-technikai-eszkozok-grafikon-300x178.jpg 300w\" sizes=\"(max-width: 600px) 100vw, 600px\" \/><p id=\"caption-attachment-3158\" class=\"wp-caption-text\">A magyarok az eur\u00f3pai \u00e1tlagn\u00e1l sokkal intenz\u00edvebben \u00e9rdekl\u0151dnek a technol\u00f3giai \u00faj\u00edt\u00e1sok ir\u00e1nt<\/p><\/div>\n<h2 style=\"text-align: left;\">A f\u00e9rfiak ink\u00e1bb k\u00f6vetik a technol\u00f3giai trendeket<\/h2>\n<p style=\"text-align: justify;\">A Samsung kutat\u00e1sa elmondta tov\u00e1bb\u00e1, hogy a f\u00e9rfiak \u00e9s n\u0151k, azonk\u00edv\u00fcl az elt\u00e9r\u0151 korcsoportok mennyire \u00e9rzik \u00fagy, hogy a technol\u00f3giai fejl\u0151d\u00e9s elszaladt mellett\u00fck, vagy mennyire f\u00e9lnek att\u00f3l, hogy nem tudj\u00e1k ezt k\u00f6vet\u0151en k\u00f6vetni az \u00fajabb \u00e9s \u00fajabb funkci\u00f3k, kifejez\u00e9sek \u00e9s berendez\u00e9sek rohaml\u00e9pt\u00e9k\u0171 megjelen\u00e9s\u00e9t \u00e9s terjed\u00e9s\u00e9t. \u00c1ltal\u00e1nosan elfogadott n\u00e9zet, hogy a f\u00e9rfiak sokkal fog\u00e9konyabbak a technol\u00f3giai \u00faj\u00edt\u00e1sokra, jobban \u00e9rdekli \u0151ket az elektronikai cikkek vil\u00e1ga. Ezt a sztereot\u00edpi\u00e1t a hazai v\u00e1laszok is al\u00e1t\u00e1masztj\u00e1k a 16 \u00e9s 54 \u00e9ves kor k\u00f6zt. Ebben a koroszt\u00e1lyban h\u00e1romszor t\u00f6bb n\u0151 v\u00e1laszolta azt, hogy \u00fagy \u00e9rzi, nem tudja nyomon k\u00f6vetni a technol\u00f3giai fejl\u0151d\u00e9st, mint f\u00e9rfi. 55 \u00e9v felett ellenben \u00e9rdekes m\u00f3don fordul a kocka, \u00e9s &#8211; ha viszont nem ekkora ar\u00e1nyban, de &#8211; t\u00f6bb f\u00e9rfi agg\u00f3dik amiatt, hogy nem tud l\u00e9p\u00e9st tartani a fejl\u0151d\u00e9ssel. Ez a fordulat Eur\u00f3p\u00e1ban csak a 65 \u00e9ves kor felett k\u00f6vetkezik be.<\/p>\n<p style=\"text-align: justify;\">Amikor arr\u00f3l k\u00e9rdezt\u00e9k a kutat\u00e1sban r\u00e9sztvev\u0151ket, hogy a technol\u00f3giai fejl\u0151d\u00e9s seg\u00edts\u00e9get jelent-e sz\u00e1mukra az \u00e9let az \u00f6sszes ter\u00fclet\u00e9n, szint\u00e9n \u00e9rdekes eredm\u00e9ny sz\u00fcletett. B\u00e1rmelyik koroszt\u00e1lyt vizsg\u00e1ljuk is, a n\u0151k az \u00f6sszes esetben nagyobb sz\u00e1zal\u00e9kban v\u00e1laszolt\u00e1k, hogy az \u00e9let az \u00f6sszes ter\u00fclet\u00e9n \u00e9lvezik a modern m\u0171szaki megold\u00e1s v\u00edvm\u00e1nyok el\u0151nyeit. A 16-24 \u00e9ves koroszt\u00e1lyban a legszembet\u0171n\u0151bb a k\u00fcl\u00f6nbs\u00e9g (f\u00e9rfiak 3%-a, n\u0151k 20 %-a), ami a kor el\u0151re haladt\u00e1val m\u00e9rs\u00e9kl\u0151dik, de m\u00e9g 65 \u00e9v felett is k\u00e9tszeres n\u0151 \u00e9rzi ez\u00e1ltal, mint f\u00e9rfi.<\/p>\n<h2 style=\"text-align: left;\">Fejleszt\u00e9s a v\u00e1llalkoz\u00e1sok szem\u00e9vel<\/h2>\n<p style=\"text-align: justify;\">A fent eml\u00edtett nagyfok\u00fa k\u00edv\u00e1ncsis\u00e1g is j\u00f3l mutatja, hogy a vil\u00e1g technol\u00f3giai v\u00e1llalataira milyen hatalmas nyom\u00e1s nehezedik abban a tekintetben, hogy sz\u00fcntelen t\u00fal kell sz\u00e1rnyalniuk a saj\u00e1t \u00e9s a konkurencia eredm\u00e9nyeit. Ebben az ipar\u00e1gban a gy\u00e1rt\u00f3k egyetlen pillanatra sem \u00fclhetnek a bab\u00e9rjaikon, ugyanis egy v\u00e9gtelen versenyben kell kiel\u00e9g\u00edteni\u00fck vagy \u00e9ppen el\u0151re megj\u00f3solniuk a felhaszn\u00e1l\u00f3k sebesen v\u00e1ltoz\u00f3 ig\u00e9nyeit.<\/p>\n<p style=\"text-align: justify;\">A Samsung ennek k\u00f6sz\u00f6nhet\u0151en a kutat\u00e1s \u00e9s fejleszt\u00e9s ter\u00e9n mind l\u00e9tsz\u00e1mban, mind er\u0151forr\u00e1sban a plan\u00e9ta tal\u00e1n legnagyobb konkr\u00e9tan erre specializ\u00e1l\u00f3dott appar\u00e1tus\u00e1val rendelkezik. 2010 \u00f3ta a c\u00e9g 27 %-kal n\u00f6velte az ezen a z\u00f3n\u00e1ban dolgoz\u00f3k sz\u00e1m\u00e1t, ez\u00e1ltal m\u00e1ra k\u00f6zel 70 000 alkalmazott dolgozik a t\u00e1rsas\u00e1g 34 K+F k\u00f6zpontjaiban nemzetk\u00f6zileg. Ez l\u00e9tsz\u00e1m a t\u00e1rsas\u00e1g alkalmazottainak 22 sz\u00e1zal\u00e9k\u00e1t teszi ki. 2015-ben a Samsung k\u00f6lt\u00f6tte a legt\u00f6bbet K+F tev\u00e9kenys\u00e9gre az IT szektorban (14,1 milli\u00e1rd doll\u00e1rt), minden ipar\u00e1gat n\u00e9zve ugyanakkor az szint\u00e9n \u00farias m\u00e1sodik helyet tudhatta mag\u00e1\u00e9nak. Ez napi szinten k\u00f6zel 40 milli\u00f3 doll\u00e1ros fejleszt\u00e9sre sz\u00e1nt \u00f6sszeget jelent. Ennek k\u00f6sz\u00f6nhet\u0151, hogy a Samsung a nemzetk\u00f6zileg az egyik legelismertebb innov\u00e1torak\u00e9nt nem kiz\u00e1r\u00f3lag k\u00f6veti, de sok esetben form\u00e1lja is a technol\u00f3giai trendeket.<\/p>\n","protected":false},"excerpt":{"rendered":"<p>A magyarok az eur\u00f3pai \u00e1tlagn\u00e1l sokkal intenz\u00edvebben \u00e9rdekl\u0151dnek a technol\u00f3giai \u00faj\u00edt\u00e1sok ir\u00e1nt &#8211; der\u00fcl ki a Samsung 18 eur\u00f3pai orsz\u00e1got \u00e9rint\u0151 felm\u00e9r\u00e9s\u00e9b\u0151l. A kutat\u00e1s azt is felt\u00e1rta, hogy b\u00e1r a magyar f\u00e9rfiak &#8211; egy n\u00e9mely korig &#8211; fog\u00e9konyabbak a modern k\u00fcty\u00fck ir\u00e1nt, b\u00e1r a n\u0151k jobban \u00e9lvezik azok el\u0151nyeit.<\/p>\n<p class=\"continue-reading-button\"> <a class=\"continue-reading-link\" href=\"https:\/\/www.automatic-security.info\/?p=3154\">tov\u00e1bb<i class=\"crycon-right-dir\"><\/i><\/a><\/p>\n","protected":false},"author":2,"featured_media":3159,"comment_status":"closed","ping_status":"closed","sticky":false,"template":"","format":"standard","meta":[],"categories":[117],"tags":[264,263],"aioseo_notices":[],"_links":{"self":[{"href":"https:\/\/www.automatic-security.info\/index.php?rest_route=\/wp\/v2\/posts\/3154"}],"collection":[{"href":"https:\/\/www.automatic-security.info\/index.php?rest_route=\/wp\/v2\/posts"}],"about":[{"href":"https:\/\/www.automatic-security.info\/index.php?rest_route=\/wp\/v2\/types\/post"}],"author":[{"embeddable":true,"href":"https:\/\/www.automatic-security.info\/index.php?rest_route=\/wp\/v2\/users\/2"}],"replies":[{"embeddable":true,"href":"https:\/\/www.automatic-security.info\/index.php?rest_route=%2Fwp%2Fv2%2Fcomments&post=3154"}],"version-history":[{"count":4,"href":"https:\/\/www.automatic-security.info\/index.php?rest_route=\/wp\/v2\/posts\/3154\/revisions"}],"predecessor-version":[{"id":3166,"href":"https:\/\/www.automatic-security.info\/index.php?rest_route=\/wp\/v2\/posts\/3154\/revisions\/3166"}],"wp:featuredmedia":[{"embeddable":true,"href":"https:\/\/www.automatic-security.info\/index.php?rest_route=\/wp\/v2\/media\/3159"}],"wp:attachment":[{"href":"https:\/\/www.automatic-security.info\/index.php?rest_route=%2Fwp%2Fv2%2Fmedia&parent=3154"}],"wp:term":[{"taxonomy":"category","embeddable":true,"href":"https:\/\/www.automatic-security.info\/index.php?rest_route=%2Fwp%2Fv2%2Fcategories&post=3154"},{"taxonomy":"post_tag","embeddable":true,"href":"https:\/\/www.automatic-security.info\/index.php?rest_route=%2Fwp%2Fv2%2Ftags&post=3154"}],"curies":[{"name":"wp","href":"https:\/\/api.w.org\/{rel}","templated":true}]}}