{"id":3579,"date":"2017-02-15T09:18:28","date_gmt":"2017-02-15T08:18:28","guid":{"rendered":"http:\/\/www.automatic-security.info\/?p=3579"},"modified":"2017-03-24T11:06:31","modified_gmt":"2017-03-24T10:06:31","slug":"itt-vannak-a-samsung-uj-qled-signage-megjelenitoi","status":"publish","type":"post","link":"https:\/\/www.automatic-security.info\/?p=3579","title":{"rendered":"Itt vannak a Samsung \u00faj QLED Signage megjelen\u00edt\u0151i"},"content":{"rendered":"<p style=\"text-align: justify;\">A 2017-es Integrated Systems Europe (ISE) szimp\u00f3ziumon a Samsung Electronics \u00faj dinamik\u00e1t vitt a tartalomszolg\u00e1ltat\u00e1sba az \u00fatt\u00f6r\u0151 SMART Signage \u00e1rucikk-csoport k\u00e9t \u00faj tagj\u00e1val. A kvantumpontos technol\u00f3gi\u00e1val k\u00e9sz\u00fclt QLED Signage UHD monitorok, emellett a finom pixelpontm\u00e9retet k\u00edn\u00e1l\u00f3 IF sorozat\u00fa LED megjelen\u00edt\u0151k eddig nem ismert k\u00e9pi hat\u00e1st biztos\u00edtanak.<!--more--><\/p>\n<p style=\"text-align: justify;\">\u201eAz ISE 2017\u00a0alkalm\u00e1val a Samsung b\u00fcszk\u00e9n ismerteti r\u00e9szleteiben is a vizu\u00e1lis megjelen\u00edt\u00e9s j\u00f6v\u0151j\u00e9vel kapcsolatos elk\u00e9pzel\u00e9seit. A QLED Signage UHD, ezenfel\u00fcl az IF sorozat\u00fa LED monitorok minden eddigin\u00e9l \u00e9leth\u0171bb k\u00e9pet biztos\u00edtanak\u201d \u2013 nyilatkozta Seog-gi Kim, a Samsung Electronics Visual Display \u00fczlet\u00e1g\u00e1nak vezet\u0151 aleln\u00f6ke. \u201eA korszer\u0171 \u00e9v kezdete lehet\u0151s\u00e9get ny\u00fajt a v\u00e1llalkoz\u00e1soknak, hogy a korszer\u0171 digit\u00e1lis monitorok el\u0151nyeit kihaszn\u00e1lva felm\u00e9rj\u00e9k a n\u00f6veked\u00e9s \u00e9s a fejl\u0151d\u00e9s lehet\u0151s\u00e9geit. A Samsung \u00e1ltal k\u00edn\u00e1lt megold\u00e1sok nagyon sok \u00faj opci\u00f3t biztos\u00edtanak a v\u00e1llalkoz\u00e1soknak a tartalomszolg\u00e1ltat\u00e1sok ter\u00fclet\u00e9n.\u201d<\/p>\n<h2 style=\"text-align: left;\">Minden eddigin\u00e9l \u00e9leth\u0171bb tartalommegjelen\u00edt\u00e9s<\/h2>\n<p style=\"text-align: justify;\">A kvantumpontos k\u00e9pfinom\u00edt\u00e1si technol\u00f3gi\u00e1val az 55, azonk\u00edv\u00fcl 65\u00a0h\u00fcvelykes Samsung QLED Signage UHD monitorok leny\u0171g\u00f6z\u0151en r\u00e9szletgazdag k\u00e9pi hat\u00e1st aj\u00e1nlanak. Ezek a korszer\u0171s\u00edtett megjelen\u00edt\u0151k 100\u00a0sz\u00e1zal\u00e9kos sz\u00ednmennyis\u00e9get biztos\u00edtanak, \u00e9s v\u00e1ltoz\u00f3 f\u00e9nyer\u0151vel k\u00e9pesek hangs\u00falyozni az apr\u00f3 vizu\u00e1lis r\u00e9szleteket, mindezt olyan m\u00f3don, hogy k\u00f6zben egymilli\u00e1rd k\u00fcl\u00f6nf\u00e9le sz\u00edn tekintet\u00e9ben tartj\u00e1k a sz\u00ednpontoss\u00e1got \u00e9s integrit\u00e1st. Az hangolt kontraszttal \u00e9s torz\u00edt\u00e1smentes k\u00e9pmin\u0151s\u00e9ggel vegy\u00edtett QLED Signage megjelen\u00edt\u0151k sz\u00e9les sz\u00edn\u00e1rnyalat-tartom\u00e1nyban, minden eddigin\u00e9l r\u00e9szletesebben jelen\u00edtik meg a tartalmakat.<\/p>\n<p style=\"text-align: justify;\">Az integr\u00e1lt kvantumpontos modern m\u0171szaki megold\u00e1s seg\u00e9dkez\u00e9s\u00e9vel a Samsung \u00faj QLED Signage monitorai pomp\u00e1s egyens\u00falyt biztos\u00edtanak a F\u00f6ld \u00e9s s\u00f6t\u00e9t sz\u00ednek f\u00e9nyereje k\u00f6zt, \u00e9s a sz\u00edn\u00e1tmeneteket meg\u0151rizve a tradicion\u00e1lis alternat\u00edv\u00e1kn\u00e1l m\u00e9lyebb \u00e9s \u00e9leth\u0171bb megjelen\u00edt\u00e9st biztos\u00edtanak. Ezekkel a fejleszt\u00e9sekkel a szoba megvil\u00e1g\u00edt\u00e1s\u00e1t\u00f3l f\u00fcggetlen\u00fcl m\u00e9lyebb\u00e9 v\u00e1lnak a feket\u00e9k, \u00e9lesebb\u00e9 a feh\u00e9rek, s\u0151t m\u00e9g pontosabb\u00e1 a sz\u00ednek, ez\u00e1ltal k\u00edn\u00e1lva egyenletesen magas szint\u0171 k\u00e9pi hat\u00e1st.<\/p>\n<p style=\"text-align: justify;\">A korszer\u0171s\u00edtett tartalommegjelen\u00edt\u00e9sen t\u00fal a QLED Signage monitorok fokozott rugalmass\u00e1got biztos\u00edtanak a kereskedelmi felhaszn\u00e1l\u00f3knak a tartalommegoszt\u00e1s kapcs\u00e1n, az speci\u00e1lis m\u00e1rkatulajdons\u00e1goknak \u00e9s m\u0171k\u00f6d\u00e9si ig\u00e9nyeknek megfelel\u0151en. A be\u00e1ll\u00edthat\u00f3 fekv\u0151- \u00e9s \u00e1ll\u00f3k\u00e9pet k\u00edn\u00e1l\u00f3 QLED Signage megjelen\u00edt\u0151k sz\u00e9les betekint\u00e9si sz\u00f6get biztos\u00edtanak, ez\u00e1ltal a tekintet j\u00f3kora t\u00e1vols\u00e1gb\u00f3l is odat\u00e9ved. Ennek betudhat\u00f3an a n\u00e9z\u0151k mindenhonnan egyenletes \u00e9s ide\u00e1lis sz\u00ednmin\u0151s\u00e9g mellett tekintheti meg a tartalmakat.<\/p>\n<p style=\"text-align: justify;\">A tart\u00f3ss\u00e1gra \u00e9s j\u00f3kora teljes\u00edtm\u00e9nyre tervezett QLED Signage megjelen\u00edt\u0151k fenntarthat\u00f3, energiahat\u00e9kony alternat\u00edv\u00e1t jelentenek. Az integr\u00e1lt kvantumpontos korszer\u0171 m\u0171szaki megold\u00e1snak betudhat\u00f3an a QLED Signage monitorok nevezetes teljes\u00edtm\u00e9nyre k\u00e9pesek, m\u00edg k\u00f6rnyezetbar\u00e1t m\u00f3don m\u0171k\u00f6dnek.<\/p>\n<h2 style=\"text-align: left;\">Hangolt belt\u00e9ri LED-es inger az IF sorozat\u00fa LED-es k\u00e9perny\u0151kkel<\/h2>\n<p style=\"text-align: justify;\">A Samsung IF sorozat\u00fa kis pixelt\u00e1vols\u00e1g\u00fa LED megjelen\u00edt\u0151i \u2013 mint a P1.5-\u00f6s, P2.0-\u00e1s \u00e9s P2.5-\u00f6s modellek \u2013 a kiugr\u00f3 k\u00e9pmin\u0151s\u00e9g \u00e9s az intuit\u00edv haszn\u00e1lhat\u00f3s\u00e1g ide\u00e1lis kombin\u00e1ci\u00f3j\u00e1t k\u00edn\u00e1lj\u00e1k azok r\u00e9sz\u00e9re, akik a LED-es kijelz\u0151kkel szeretn\u00e9k fel\u00e9l\u00e9nk\u00edteni \u00fcgyf\u00e9lk\u00f6rnyezet\u00fcket. A 2017\u00a0els\u0151 fel\u00e9ben mindenre kiterjed\u0151 bevezet\u00e9sre el\u0151k\u00e9sz\u00edtett IF sorozat\u00fa LED-es megjelen\u00edt\u0151k a Samsung ipar\u00e1gvezet\u0151 vide\u00f3feldolgoz\u00e1si \u00e9s k\u00e9pfinom\u00edt\u00e1si modern m\u0171szaki megold\u00e1sait kompakt \u00e9s kev\u00e9s karbantart\u00e1st ig\u00e9nyl\u0151 kialak\u00edt\u00e1sban egyes\u00edtve biztos\u00edtj\u00e1k a kereskedelmi alkalmaz\u00e1sra k\u00e9sz tartalmak tiszta \u00e9s kifinomult megjelen\u00edt\u00e9s\u00e9t.<\/p>\n<p style=\"text-align: justify;\">A Samsung IF sorozat\u00fa LED-es monitorai sz\u00e1mtalan testre szabott tulajdons\u00e1got egyes\u00edtve a statikus \u00e9s interakt\u00edv tartalmaknak ugyan\u00fagy val\u00f3s\u00e1gos \u00e9s r\u00e9szletgazdag megjelen\u00e9st biztos\u00edtanak. A kontraszt maximaliz\u00e1l\u00e1sa, ezenfel\u00fcl a t\u00fckr\u00f6z\u0151d\u00e9s \u00e9s a vizu\u00e1lis torz\u00edt\u00e1s kiiktat\u00e1sa \u00e9rdek\u00e9ben az IF sorozat\u00fa LED-es monitorok speci\u00e1lis jelenetadapt\u00e1ci\u00f3 alkalmaz\u00e1s\u00e1val az \u00f6sszes k\u00e9pkock\u00e1n elemzik \u00e9s finomhangolj\u00e1k a sz\u00fcrkes\u00e9gi szintet. A dinamikus cs\u00facs\u00e9rt\u00e9k kieg\u00e9sz\u00edt\u0151 be\u00e1ll\u00edt\u00e1sa a szabv\u00e1nyos LED-es kijelz\u0151kn\u00e9l megadott maxim\u00e1lis f\u00e9nyess\u00e9g\u00e9rt\u00e9kek k\u00e9tszeres\u00e9t k\u00edn\u00e1lja.<\/p>\n<p style=\"text-align: justify;\">Az IF sorozat\u00fa LED-es megjelen\u00edt\u0151k minimalista megval\u00f3s\u00edt\u00e1s\u00e1nak betudhat\u00f3an a telep\u00edt\u00e9s multifunkcion\u00e1lisan, a megjelen\u00edt\u0151k el\u0151lapj\u00e1n \u00e9s h\u00e1tlapj\u00e1n nemk\u00fcl\u00f6nben elv\u00e9gezhet\u0151. Ennek betudhat\u00f3an a felhaszn\u00e1l\u00f3k k\u00e9nyelmesen \u00e9s sz\u00e9lsebesen elv\u00e9gezhetik a szerkezeten a karbantart\u00e1st, a prec\u00edz \u00e9s probl\u00e9mamentes telep\u00edt\u00e9s fel\u00e1ldoz\u00e1sa n\u00e9lk\u00fcl. Ezen k\u00edv\u00fcl a korszer\u0171s\u00edtett h\u00e1zstrukt\u00fara biztos\u00edtja a z\u00f6kken\u0151mentes haszn\u00e1latot, kiiktatva a LED modult \u00e9s a bonyolultabb el\u0151lappal szerelt megjelen\u00edt\u0151k haszn\u00e1lat\u00e1hoz l\u00e9tfontoss\u00e1g\u00fa t\u00e9rk\u00f6z\u00f6ket. Ez a fel\u00e9p\u00edt\u00e9s a h\u00e1z \u00e9s a LED modul elhelyez\u00e9s\u00e9t\u0151l f\u00fcggetlen\u00fcl fokozza az egyenletes k\u00e9pmegjelen\u00edt\u00e9st.<\/p>\n<p style=\"text-align: justify;\">Az IF sz\u00e9ria felhaszn\u00e1l\u00f3bar\u00e1t megval\u00f3s\u00edt\u00e1s\u00e1nak h\u00e1la a megjelen\u00edt\u0151k rendszere gyorsabban ind\u00edthat\u00f3, \u00e9s minim\u00e1lis felhaszn\u00e1l\u00f3i beavatkoz\u00e1st ig\u00e9nyel. A Samsung kieg\u00e9sz\u00edt\u0151 LED Signage Box (S-Box) egys\u00e9g\u00e9vel a tartalmak t\u00f6bb k\u00e9perny\u0151re sug\u00e1rozhat\u00f3k UHD min\u0151s\u00e9gben, n\u00e9lk\u00fcle, hogy dr\u00e1ga k\u00e9peloszt\u00f3kat vagy k\u00fcls\u0151 \u00e1talak\u00edt\u00f3kat kellene haszn\u00e1lni. A felhaszn\u00e1l\u00f3k ezen k\u00edv\u00fcl tetsz\u00e9s alapj\u00e1n be\u00e1ll\u00edthatj\u00e1k a jelredundanci\u00e1t a l\u00e9tez\u0151 k\u00e1belszerkezettel, \u00e9s k\u00e9nyelmesen, egyetlen helyr\u0151l hozhatnak l\u00e9tre, \u00fctemezhetnek be \u00e9s k\u00fcldhetnek kereszt\u00fcl tartalmakat az integr\u00e1lt MagicInfo platform t\u00e1mogat\u00e1s\u00e1val.<\/p>\n<h2 style=\"text-align: left;\">Pillant\u00e1s a j\u00f6v\u0151be<\/h2>\n<p style=\"text-align: justify;\">Az ISE 2017\u00a0bemutat\u00f3n a Samsung \u201eYour Future. On Display\u201d c\u00edm\u0171 pavilonj\u00e1n\u00e1l a j\u00f6v\u0151be mutat\u00f3, kereskedelmi, v\u00e1llalati, sz\u00e1ll\u00edt\u00e1si, vend\u00e9gl\u00e1t\u00f3i vagy vend\u00e9gfogad\u00f3i k\u00f6rnyezetekre t\u00f6k\u00e9letes\u00edtett modern m\u0171szaki megold\u00e1sok sz\u00e9les v\u00e1laszt\u00e9k\u00e1val tal\u00e1lkozhattak a k\u00edv\u00e1ncsiskod\u00f3k. Ezzel az el\u0151remutat\u00f3 megk\u00f6zel\u00edt\u00e9ssel a Samsung \u00faj megold\u00e1sokat ny\u00fajt a v\u00e1llalkoz\u00e1soknak az \u00fcgyf\u00e9l-elk\u00f6telezetts\u00e9g \u00e9s az elad\u00e1si mutat\u00f3k jav\u00edt\u00e1s\u00e1ra a csod\u00e1latos, informat\u00edv tartalmakon \u00e1t.<\/p>\n<p style=\"text-align: justify;\">A Samsung szak\u00e9rt\u0151i ezen k\u00edv\u00fcl speci\u00e1lis esem\u00e9nysorozattal v\u00e1rt\u00e1k a r\u00e9sztvev\u0151ket, amelyiknek keret\u00e9ben az ISE k\u00f6z\u00f6ns\u00e9ge els\u0151 k\u00e9zb\u0151l tapasztalhatta meg a legmodernebb fejleszt\u00e9sek ny\u00fajtotta lehet\u0151s\u00e9geket az \u00fcgyf\u00e9l-elk\u00f6telezetts\u00e9g kapcs\u00e1n:<\/p>\n<p style=\"text-align: justify;\">A Samsung SMART LED Signage Mega Launch Showcase bemutat\u00f3 alkalm\u00e1val a r\u00e9sztvev\u0151k alapos betekint\u00e9st nyerhettek a SMART LED monitorok korszer\u0171s\u00edtett portf\u00f3li\u00f3j\u00e1ba, \u00e9s megismerkedhetnek a t\u00e1rsas\u00e1g 2017-es, a LED-es fejleszt\u00e9sek folytat\u00e1s\u00e1t c\u00e9lz\u00f3 terveivel.<\/p>\n<p style=\"text-align: justify;\">A bemutat\u00f3t k\u00f6vet\u0151en a Samsung QLED Signage Showcase esem\u00e9nye betekint\u00e9st engedett a korszer\u0171 QLED Signage UHD monitor jelent\u0151s vizu\u00e1lis k\u00e9pess\u00e9geit megalapoz\u00f3 fejleszt\u0151i munk\u00e1ba.<\/p>\n<p style=\"text-align: justify;\">Ezen k\u00edv\u00fcl a Samsung az ISE 2017\u00a0szimp\u00f3ziumon mutatta be a Tizen oper\u00e1ci\u00f3s rendszert futtat\u00f3, mindent-az-egyben kijelz\u0151kezel\u0151 platformj\u00e1nak legmodernebb fejleszt\u00e9seit is a most el\u0151sz\u00f6r megszervezett Tizen SMART Signage Summit cs\u00facstal\u00e1lkoz\u00f3n.<\/p>\n<p style=\"text-align: justify;\">Az ISE 2017\u00a0konferenci\u00e1r\u00f3l \u00fajabb inform\u00e1ci\u00f3 ezen a linken van: www.iseurope. org. A Samsung eg\u00e9sz kijelz\u0151-k\u00edn\u00e1lat\u00e1r\u00f3l \u00fajabb tudnival\u00f3kat, s\u0151t m\u00e9g a t\u00e9m\u00e1hoz kapcsol\u00f3d\u00f3, f\u00e9nyk\u00e9peket \u00e9s vide\u00f3kat is mag\u00e1ba foglal\u00f3 Samsung Newsroom-cikkeket a news.samsung.com weboldalon tal\u00e1lhat.<\/p>\n","protected":false},"excerpt":{"rendered":"<p>A 2017-es Integrated Systems Europe (ISE) szimp\u00f3ziumon a Samsung Electronics \u00faj dinamik\u00e1t vitt a tartalomszolg\u00e1ltat\u00e1sba az \u00fatt\u00f6r\u0151 SMART Signage \u00e1rucikk-csoport k\u00e9t \u00faj tagj\u00e1val. A kvantumpontos technol\u00f3gi\u00e1val k\u00e9sz\u00fclt QLED Signage UHD monitorok, emellett a finom pixelpontm\u00e9retet k\u00edn\u00e1l\u00f3 IF sorozat\u00fa LED megjelen\u00edt\u0151k eddig nem ismert k\u00e9pi hat\u00e1st biztos\u00edtanak.<\/p>\n<p class=\"continue-reading-button\"> <a class=\"continue-reading-link\" href=\"https:\/\/www.automatic-security.info\/?p=3579\">tov\u00e1bb<i class=\"crycon-right-dir\"><\/i><\/a><\/p>\n","protected":false},"author":3,"featured_media":3583,"comment_status":"closed","ping_status":"closed","sticky":false,"template":"","format":"standard","meta":[],"categories":[117],"tags":[320,31,321],"aioseo_notices":[],"_links":{"self":[{"href":"https:\/\/www.automatic-security.info\/index.php?rest_route=\/wp\/v2\/posts\/3579"}],"collection":[{"href":"https:\/\/www.automatic-security.info\/index.php?rest_route=\/wp\/v2\/posts"}],"about":[{"href":"https:\/\/www.automatic-security.info\/index.php?rest_route=\/wp\/v2\/types\/post"}],"author":[{"embeddable":true,"href":"https:\/\/www.automatic-security.info\/index.php?rest_route=\/wp\/v2\/users\/3"}],"replies":[{"embeddable":true,"href":"https:\/\/www.automatic-security.info\/index.php?rest_route=%2Fwp%2Fv2%2Fcomments&post=3579"}],"version-history":[{"count":2,"href":"https:\/\/www.automatic-security.info\/index.php?rest_route=\/wp\/v2\/posts\/3579\/revisions"}],"predecessor-version":[{"id":3587,"href":"https:\/\/www.automatic-security.info\/index.php?rest_route=\/wp\/v2\/posts\/3579\/revisions\/3587"}],"wp:featuredmedia":[{"embeddable":true,"href":"https:\/\/www.automatic-security.info\/index.php?rest_route=\/wp\/v2\/media\/3583"}],"wp:attachment":[{"href":"https:\/\/www.automatic-security.info\/index.php?rest_route=%2Fwp%2Fv2%2Fmedia&parent=3579"}],"wp:term":[{"taxonomy":"category","embeddable":true,"href":"https:\/\/www.automatic-security.info\/index.php?rest_route=%2Fwp%2Fv2%2Fcategories&post=3579"},{"taxonomy":"post_tag","embeddable":true,"href":"https:\/\/www.automatic-security.info\/index.php?rest_route=%2Fwp%2Fv2%2Ftags&post=3579"}],"curies":[{"name":"wp","href":"https:\/\/api.w.org\/{rel}","templated":true}]}}