{"id":3807,"date":"2018-01-31T17:42:32","date_gmt":"2018-01-31T16:42:32","guid":{"rendered":"http:\/\/www.automatic-security.info\/?p=3807"},"modified":"2018-01-20T17:43:58","modified_gmt":"2018-01-20T16:43:58","slug":"samsung-the-wall-elert-hozzank-is-a-samsung-elso-146-colos-kepatloju-modularis-microled-televizioja","status":"publish","type":"post","link":"https:\/\/www.automatic-security.info\/?p=3807","title":{"rendered":"Samsung \u201eThe Wall\u201d \u2013 El\u00e9rt hozz\u00e1nk is a Samsung els\u0151, 146 colos k\u00e9p\u00e1tl\u00f3j\u00fa, modul\u00e1ris MicroLED telev\u00edzi\u00f3ja"},"content":{"rendered":"<p style=\"text-align: justify;\">A Samsung a 2018-as Sz\u00f3rakoztat\u00f3 elektronikai Bemutat\u00f3n (Consumer Electronics Show, CES) ismerteti r\u00e9szleteiben is \u201eThe Wall\u201d n\u00e9ven a m\u00e1rka els\u0151, fogyaszt\u00f3knak sz\u00e1nt, 146\u00a0colos modul\u00e1ris, saj\u00e1t f\u00e9ny kibocs\u00e1t\u00e1s\u00e1ra k\u00e9pes MicroLED technol\u00f3gi\u00e1val ell\u00e1tott telev\u00edzi\u00f3k\u00e9sz\u00fcl\u00e9k\u00e9t. A TV megjelen\u00edt\u0151je egyike a Samsung legmodernebb kijelz\u0151technol\u00f3giai innov\u00e1ci\u00f3inak, amely a telev\u00edzi\u00f3z\u00e1s j\u00f6v\u0151j\u00e9t vet\u00edti el\u0151re. Egy olyan v\u00edzi\u00f3t, ahol a TV mindemellett, hogy a fogyaszt\u00f3k r\u00e9sz\u00e9re sz\u00e1mottev\u0151 k\u00e9pi hat\u00e1st ny\u00fajt, az okosotthonok k\u00f6zpontjak\u00e9nt teheti m\u00e9g komfortosabb\u00e1, hat\u00e9konyabb\u00e1 a mindennapokat.<\/p>\n<p style=\"text-align: justify;\"><!--more-->A modern technol\u00f3gi\u00e1r\u00f3l \u00e9s a Samsung j\u00f6v\u0151beni elk\u00e9pzel\u00e9seir\u0151l Jonghee Han, a Samsung Vizu\u00e1lis monitorok \u00fczlet\u00e1g\u00e1nak eln\u00f6ke \u00e9s Dave Das, A Samsung Electronics America Sz\u00f3rakoztat\u00f3 elektronikai \u00fczlet\u00e1g\u00e1nak rangid\u0151s aleln\u00f6ke besz\u00e9lt a Samsung idei, Las Vegasban megszervezett First Look esem\u00e9ny\u00e9n t\u00f6bb, mint 300\u00a0internacion\u00e1lis sajt\u00f3s \u00e9s v\u00e9lem\u00e9nyvez\u00e9r el\u0151tt. Mindketten olyan j\u00f6v\u0151k\u00e9pet v\u00e1zoltak fel, ahol a telev\u00edzi\u00f3k megjelen\u00edt\u0151i brili\u00e1ns l\u00e1tv\u00e1nyt ny\u00fajtanak \u00e9s kiv\u00e1l\u00f3an \u00e9p\u00fclnek be az emberek mindennapi \u00e9let\u00e9be.<\/p>\n<p style=\"text-align: justify;\">\u201eA Samsungn\u00e1l elk\u00f6telezettek vagyunk annak \u00e9rdek\u00e9ben, hogy a fogyaszt\u00f3k r\u00e9sz\u00e9re \u00e1tfog\u00f3 \u00e9lvonalbeli k\u00e9perny\u0151\u00e9lm\u00e9nyt biztos\u00edtsunk \u2013 mondta Jonghee Han, a Samsung Vizu\u00e1lis monitorok \u00fczlet\u00e1g\u00e1nak eln\u00f6ke. \u2013 A Samsung els\u0151, fogyaszt\u00f3knak sz\u00e1nt modul\u00e1ris MicroLED telev\u00edzi\u00f3ja, a \u201eThe Wall\u201d \u00fajabb \u00e1tt\u00f6r\u00e9st jelent a kijelz\u0151technol\u00f3gia ter\u00fclet\u00e9n. A monitor a legk\u00fcl\u00f6nf\u00e9l\u00e9bb m\u00e9retekben \u00e1ll\u00edthat\u00f3 el\u0151, fantasztikus f\u00e9nyer\u0151t, sz\u00ednsk\u00e1l\u00e1t, sz\u00edngazdags\u00e1got ny\u00fajt, ugyanakkor val\u00f3di m\u00e9ly feket\u00e9t tudja visszaadni. Igencsak \u00f6r\u00fcl\u00fcnk annak, hogy bemutathatjuk a legmodernebb l\u00e9p\u00e9s\u00fcnket a fogyaszt\u00f3k r\u00e9sz\u00e9re ny\u00fajtott j\u00f6v\u0151beni k\u00e9perny\u0151technol\u00f3gi\u00e1hoz \u00e9s figyelemfelkelt\u0151 vizu\u00e1lis \u00e9lm\u00e9nyhez vezet\u0151 \u00faton.\u201d<\/p>\n<h3 style=\"text-align: left;\">A F\u00f6ld els\u0151 modul\u00e1ris t\u00e9v\u00e9je MicroLED technol\u00f3gi\u00e1val: A j\u00f6v\u0151 k\u00e9perny\u0151je<\/h3>\n<p style=\"text-align: justify;\">A 146\u00a0colos k\u00e9p\u00e1tl\u00f3j\u00fa Samsung \u201eThe Walll\u201d modul\u00e1ris t\u00e9v\u00e9 MicroLED technol\u00f3gi\u00e1j\u00e1val hihetetlen\u00fcl \u00e9les k\u00e9pet ny\u00fajt b\u00e1rmilyen m\u00e9ret, felbont\u00e1s vagy forma sor\u00e1n. A modern m\u0171szaki megold\u00e1s l\u00e9nyege a microm\u00e9ter (\u00b5m) nagys\u00e1g\u00fa LED-ek haszn\u00e1lat\u00e1ban rejlik, amelyek sokkal kisebbek a ebben a pillanatban alkalmazott LED-ekn\u00e9l \u00e9s saj\u00e1t maguk f\u00e9nyforr\u00e1sak\u00e9nt szolg\u00e1lnak.<\/p>\n<p style=\"text-align: justify;\">A \u201eThe Wall\u201d \u00e1ltal haszn\u00e1lt MicroLED technol\u00f3gi\u00e1val nincs sz\u00fcks\u00e9g sz\u00ednsz\u0171r\u0151kre vagy h\u00e1tt\u00e9rvil\u00e1g\u00edt\u00e1sra, hab\u00e1r egyed\u00fcl\u00e1ll\u00f3 \u00e9lm\u00e9nyt ny\u00fajt t\u00e9v\u00e9n\u00e9z\u00e9s k\u00f6zben a fogyaszt\u00f3k r\u00e9sz\u00e9re. A MicroLED k\u00e9perny\u0151 kiemelked\u0151en tart\u00f3s \u00e9s tekint\u00e9lyes teljes\u00edtm\u00e9nyre k\u00e9pes, a f\u00e9nyer\u0151t, a f\u00e9nyforr\u00e1s \u00e9lettartam\u00e1t \u00e9s az energiafogyaszt\u00e1st n\u00e9zve \u00e9pp\u00fagy, ez\u00e1ltal hat\u00e1rozza meg a j\u00f6v\u0151 kijelz\u0151-technol\u00f3gi\u00e1j\u00e1nak alapjait.<\/p>\n<p style=\"text-align: justify;\">Modul alap\u00fa, k\u00e1va n\u00e9lk\u00fcli megval\u00f3s\u00edt\u00e1s\u00e1nak h\u00e1la a \u201eThe Wall\u201d lehet\u0151s\u00e9get ny\u00fajt arra, hogy a v\u00e1s\u00e1rl\u00f3k saj\u00e1t ig\u00e9nyeiknek megfelel\u0151en alak\u00edts\u00e1k telev\u00edzi\u00f3juk m\u00e9ret\u00e9t \u00e9s form\u00e1j\u00e1t. A k\u00e9perny\u0151 alkalmazkodik a k\u00fcl\u00f6nf\u00e9le felhaszn\u00e1l\u00e1si c\u00e9lokhoz, az elt\u00e9r\u0151 ig\u00e9nyeknek megfelel\u0151en ak\u00e1r egy eg\u00e9sz falat lefed\u0151 kijelz\u0151k\u00e9nt is funkcion\u00e1lhat.<\/p>\n<h3 style=\"text-align: left;\">Mesters\u00e9ges intelligencia-technol\u00f3gia (AI) a 8K k\u00e9pmin\u0151s\u00e9g\u00e9rt: A telev\u00edzi\u00f3z\u00e1s \u00e9lm\u00e9ny\u00e9nek maximaliz\u00e1l\u00e1sa<\/h3>\n<p style=\"text-align: justify;\">A Samsung ezenfel\u00fcl prezent\u00e1lta az els\u0151 QLED TV-j\u00e9t 8K k\u00e9pmin\u0151s\u00e9ggel \u00e9s mesters\u00e9ges intelligenci\u00e1t (AI) haszn\u00e1l\u00f3 technol\u00f3gi\u00e1val, amely az internacion\u00e1lis forgalomban els\u0151k\u00e9nt D\u00e9l-Kore\u00e1ban \u00e9s az Egyes\u00fclt \u00c1llamokban \u00e1ll rendelkez\u00e9sre 2018\u00a0m\u00e1sodik fel\u00e9t\u0151l. A mesters\u00e9ges intelligencia-technol\u00f3gia seg\u00e9dkez\u00e9s\u00e9vel az elt\u00e9r\u0151 tartalmak alap\u00e9rtelmezett felbont\u00e1sa 8K min\u0151s\u00e9gre emelhet\u0151. A modern m\u0171szaki megold\u00e1s egy olyan szabadalmaztatott algoritmust alkalmaz, amely az \u00f6sszes jelenetn\u00e9l automat\u00e1n hozz\u00e1igaz\u00edtja a k\u00e9pfelbont\u00e1st a k\u00e9p t\u00f6bbi tulajdons\u00e1g\u00e1hoz, ez\u00e1ltal szakadatlan feljav\u00edtja a k\u00e9pmin\u0151s\u00e9get, mit\u00f6bb b\u00e1rmilyen t\u00edpus\u00fa \u00e9s b\u00e1rmilyen eredet\u0171 tartalmat egyszer\u0171en j\u00f3kora felbont\u00e1s\u00fa 8K tartalomm\u00e1 form\u00e1l.<\/p>\n<p style=\"text-align: justify;\">A 8K megold\u00e1s a legkorszer\u0171bb funkci\u00f3knak betudhat\u00f3an a maximumot hozza ki a vizu\u00e1lis \u00e9lm\u00e9nyb\u0151l. A cs\u00f6kkentett k\u00e9pi zaj, a k\u00e9perny\u0151n megjelen\u0151 eszk\u00f6z\u00f6k hat\u00e1rozott kont\u00farvonalai olyan k\u00e9pmin\u0151s\u00e9get id\u00e9znek el\u0151, amely kiemelked\u0151en adja vissza a sztenderd felbont\u00e1s\u00fa tartalmakat is. Az \u00f6nm\u0171k\u00f6d\u0151en igazod\u00f3 hangkorrekci\u00f3 mindazon\u00e1ltal tov\u00e1bb fokozza az \u00e9lm\u00e9nyt, legyen sz\u00f3 egy sport k\u00f6zvet\u00edt\u00e9sr\u0151l vagy zenei koncertr\u0151l.<\/p>\n<p style=\"text-align: justify;\">Bixby-vel \u00e9s Smart Things-szel korszer\u0171s\u00edtett 2018-as SMART TV<\/p>\n<p style=\"text-align: justify;\">A Samsung a CES-en el\u00e9nk t\u00e1rta az olyan \u00faj csatlakoz\u00e1si \u00e9s k\u00e9nyelmi funkci\u00f3kkal moderniz\u00e1lt 2018-as Smart TV-it, mint a Bixby, Smart Things \u00e9s Universal Guide.<\/p>\n<p style=\"text-align: justify;\">A 2018-as Samsung Smart TV-k h\u00e9tk\u00f6znapi tartalommegoszt\u00e1st \u00e9s csatlakoztathat\u00f3s\u00e1gat is szolg\u00e1ltatnak a Samsung IoT (Internet of Things) platformj\u00e1nak, a SmartThings-nek betudhat\u00f3an. Ezzel t\u00e9nyleg flottul lehet a t\u00e9v\u00e9k\u00e9sz\u00fcl\u00e9ket ir\u00e1ny\u00edtani \u00e9s egy\u00e9b eszk\u00f6z\u00f6kh\u00f6z csatlakoztatni.<\/p>\n<p style=\"text-align: justify;\">A tal\u00e1lkoz\u00f3n m\u00e1sfajta term\u00e9kz\u00f3n\u00e1k fejleszt\u00e9seit is bemutatt\u00e1k, amelyekkel a vend\u00e9gek egy \u00e1tfog\u00f3 k\u00e9pet kaphattak a Samsung legfrissebb t\u00e9v\u00e9s innov\u00e1ci\u00f3ir\u00f3l. Mint amilyen a 8K-AI modern m\u0171szaki megold\u00e1s, a 4K HDR Gaming, illetve a HDR10+ form\u00e1tum is.<\/p>\n","protected":false},"excerpt":{"rendered":"<p>A Samsung a 2018-as Sz\u00f3rakoztat\u00f3 elektronikai Bemutat\u00f3n (Consumer Electronics Show, CES) ismerteti r\u00e9szleteiben is \u201eThe Wall\u201d n\u00e9ven a m\u00e1rka els\u0151, fogyaszt\u00f3knak sz\u00e1nt, 146\u00a0colos modul\u00e1ris, saj\u00e1t f\u00e9ny kibocs\u00e1t\u00e1s\u00e1ra k\u00e9pes MicroLED technol\u00f3gi\u00e1val ell\u00e1tott telev\u00edzi\u00f3k\u00e9sz\u00fcl\u00e9k\u00e9t. A TV megjelen\u00edt\u0151je egyike a Samsung legmodernebb kijelz\u0151technol\u00f3giai innov\u00e1ci\u00f3inak, amely a telev\u00edzi\u00f3z\u00e1s j\u00f6v\u0151j\u00e9t vet\u00edti el\u0151re. Egy olyan v\u00edzi\u00f3t,\u2026<\/p>\n<p class=\"continue-reading-button\"> <a class=\"continue-reading-link\" href=\"https:\/\/www.automatic-security.info\/?p=3807\">tov\u00e1bb<i class=\"crycon-right-dir\"><\/i><\/a><\/p>\n","protected":false},"author":4,"featured_media":3802,"comment_status":"closed","ping_status":"closed","sticky":false,"template":"","format":"standard","meta":[],"categories":[117],"tags":[379,31],"aioseo_notices":[],"_links":{"self":[{"href":"https:\/\/www.automatic-security.info\/index.php?rest_route=\/wp\/v2\/posts\/3807"}],"collection":[{"href":"https:\/\/www.automatic-security.info\/index.php?rest_route=\/wp\/v2\/posts"}],"about":[{"href":"https:\/\/www.automatic-security.info\/index.php?rest_route=\/wp\/v2\/types\/post"}],"author":[{"embeddable":true,"href":"https:\/\/www.automatic-security.info\/index.php?rest_route=\/wp\/v2\/users\/4"}],"replies":[{"embeddable":true,"href":"https:\/\/www.automatic-security.info\/index.php?rest_route=%2Fwp%2Fv2%2Fcomments&post=3807"}],"version-history":[{"count":1,"href":"https:\/\/www.automatic-security.info\/index.php?rest_route=\/wp\/v2\/posts\/3807\/revisions"}],"predecessor-version":[{"id":3808,"href":"https:\/\/www.automatic-security.info\/index.php?rest_route=\/wp\/v2\/posts\/3807\/revisions\/3808"}],"wp:featuredmedia":[{"embeddable":true,"href":"https:\/\/www.automatic-security.info\/index.php?rest_route=\/wp\/v2\/media\/3802"}],"wp:attachment":[{"href":"https:\/\/www.automatic-security.info\/index.php?rest_route=%2Fwp%2Fv2%2Fmedia&parent=3807"}],"wp:term":[{"taxonomy":"category","embeddable":true,"href":"https:\/\/www.automatic-security.info\/index.php?rest_route=%2Fwp%2Fv2%2Fcategories&post=3807"},{"taxonomy":"post_tag","embeddable":true,"href":"https:\/\/www.automatic-security.info\/index.php?rest_route=%2Fwp%2Fv2%2Ftags&post=3807"}],"curies":[{"name":"wp","href":"https:\/\/api.w.org\/{rel}","templated":true}]}}