{"id":3837,"date":"2018-03-30T20:30:51","date_gmt":"2018-03-30T19:30:51","guid":{"rendered":"http:\/\/www.automatic-security.info\/?p=3837"},"modified":"2018-04-09T20:32:52","modified_gmt":"2018-04-09T19:32:52","slug":"technologiabol-muveszet-muveszetbol-modern-muszaki-megoldas","status":"publish","type":"post","link":"https:\/\/www.automatic-security.info\/?p=3837","title":{"rendered":"Technol\u00f3gi\u00e1b\u00f3l m\u0171v\u00e9szet, m\u0171v\u00e9szetb\u0151l modern m\u0171szaki megold\u00e1s"},"content":{"rendered":"<p style=\"text-align: justify;\">Kiv\u00e9teles egy\u00fcttm\u0171k\u00f6d\u00e9st hozott nyilv\u00e1noss\u00e1gra a Samsung Electronics \u00e9s a Sz\u00e9pm\u0171v\u00e9szeti M\u00fazeum. A 73\u00a0\u00e9v ut\u00e1n ism\u00e9telten v\u00e1rja az \u00e9rdekl\u0151d\u0151ket Rom\u00e1n Csarnokban \u00e1prilis 2-ig a Samsung THE FRAME k\u00e9sz\u00fcl\u00e9kein tekinthetik meg a k\u00edv\u00e1ncsiskod\u00f3k a Sz\u00e9pm\u0171v\u00e9szeti M\u00fazeum gy\u0171jtem\u00e9ny\u00e9nek 5\u00a0vil\u00e1gh\u00edr\u0171 alkot\u00e1s\u00e1t.<!--more--> A THE FRAME els\u0151 alkalommal \u00e9rz\u00e9kelhet\u0151 \u00e9l\u0151ben Magyarorsz\u00e1gon, a k\u00e9t f\u00e9l ugyanakkor m\u00e1ris t\u00e1rgyal\u00e1sokat kezdett az \u00f6sszefog\u00e1s kiterjeszt\u00e9s\u00e9r\u0151l.<\/p>\n<p style=\"text-align: justify;\">A Samsung Magyarorsz\u00e1gra hozza a fantasztikus k\u00e9sz\u00fcl\u00e9k\u00e9t, amellyel egy teljesen \u00faj kateg\u00f3ri\u00e1t teremtett a telev\u00edzi\u00f3k k\u00f6zt. A Samsung THE FRAME haz\u00e1nkban els\u0151 alkalommal a Sz\u00e9pm\u0171v\u00e9szeti M\u00fazeum Rom\u00e1n Csarnok\u00e1ban csod\u00e1lhat\u00f3 meg \u00e9l\u0151ben, amely 73\u00a0\u00e9v ut\u00e1n nyitotta meg megint a kapuit a nyilv\u00e1noss\u00e1gnak. A Samsung Electronics Magyar Zrt. \u00e9s a Sz\u00e9pm\u0171v\u00e9szeti M\u00fazeum egy\u00fcttm\u0171k\u00f6d\u00e9s\u00e9nek keret\u00e9ben a M\u00fazeum gy\u0171jtem\u00e9ny\u00e9b\u0151l k\u00e9nyesen v\u00e1logatott magyar \u00e9s hat\u00e1ron t\u00fali festm\u00e9nyeket k\u00e9t h\u00e9tig az 5\u00a0darab THE FRAME-en tekintheti meg a Rom\u00e1n Csarnokba vend\u00e9g n\u00e9z\u0151k.<\/p>\n<p style=\"text-align: justify;\">A Samsung rendk\u00edv\u00fcli g\u00e9pezetei ebben a k\u00e1pr\u00e1zatos t\u00e9rben teljesednek ki igaz\u00e1n. A THE FRAME-mel elmos\u00f3dnak a m\u0171v\u00e9szet \u00e9s a modern m\u0171szaki megold\u00e1s hat\u00e1rai: az tetszet\u0151s masina a sz\u00f3rakoztat\u00e1s mellett egy \u00faj szerepk\u00f6rt is ad, mikor is nem akt\u00edv t\u00e9v\u00e9z\u00e9sre haszn\u00e1lj\u00e1k, m\u0171alkot\u00e1ss\u00e1 v\u00e1lik.<\/p>\n<p style=\"text-align: justify;\">\u201eA Samsung a TV piac vezet\u0151 gy\u00e1rt\u00f3jak\u00e9nt arra t\u00f6rekszik, hogy moderniz\u00e1lt megold\u00e1saival a felhaszn\u00e1l\u00f3k ig\u00e9nyeinek megfelel\u0151en b\u0151v\u00edtse a szerkezetei funkci\u00f3it. A THE FRAME-mel megv\u00e1ltoztatjuk a telev\u00edzi\u00f3r\u00f3l eddig alkotott k\u00e9pet, mivelhogy kikapcsolt \u00e1llapotban is hasznos funkci\u00f3val ruh\u00e1zzuk fel a konstrukci\u00f3kat. A Samsungot \u00e9s a Sz\u00e9pm\u0171v\u00e9szeti M\u00fazeumot egy egy\u00fcttes c\u00e9l vez\u00e9rli: megismertetni \u00e9s k\u00f6zelebb vinni az emberekhez a m\u0171v\u00e9szetet. Igencsak \u00f6r\u00fcl\u00fcnk annak, hogy az egy\u00fcttm\u0171k\u00f6d\u00e9s\u00fcnknek h\u00e1la ebben a pomp\u00e1s k\u00f6rnyezetben bizony\u00edthatjuk, hogy a telev\u00edzi\u00f3ink m\u00e1r nem kiz\u00e1r\u00f3lagosan mulattat\u00f3 egys\u00e9gk\u00e9nt, de m\u0171alkot\u00e1sk\u00e9nt is meg\u00e1llj\u00e1k a hely\u00fcket\u201d \u2013 nyilatkozta R\u00f3zsa M\u00e1rton, a Samsung Electronics Magyar Zrt. sz\u00f3rakoztat\u00f3 elektronikai \u00fczlet\u00e1g\u00e1nak vezet\u0151je.<\/p>\n<p style=\"text-align: justify;\">A THE FRAME Art Store-on \u00e1t a felhaszn\u00e1l\u00f3k a F\u00f6ld legjelent\u0151sebb gal\u00e9ri\u00e1inak t\u00f6bb sz\u00e1z n\u00e9pszer\u0171 festm\u00e9ny\u00e9hez f\u00e9rhetnek hozz\u00e1 \u00e9s ezekb\u0151l v\u00e1laszthatj\u00e1k ki, hogy mely m\u0171alkot\u00e1s(oka)t szeretn\u00e9k a telev\u00edzi\u00f3juk t\u00e1mogat\u00e1s\u00e1val viszontl\u00e1tni a nappalijuk fal\u00e1n. A THE FRAME ugyanakkor szem\u00e9lyre is szabhat\u00f3, a My Collection funkci\u00f3val a saj\u00e1t fot\u00f3k \u00e9s k\u00e9pek is megjelen\u00edthet\u0151k a monitoron, ilyenkor keretk\u00e9nt szolg\u00e1l a t\u00e9v\u00e9k\u00e9sz\u00fcl\u00e9k. Amikor a THE FRAME be van kapcsolva, a Samsungt\u00f3l megszokott pr\u00e9mium min\u0151s\u00e9g\u0171 UHD k\u00e9pmin\u0151s\u00e9gben szolg\u00e1ltatja a tartalmakat, akt\u00edv haszn\u00e1laton k\u00edv\u00fcl ugyanakkor a fal \u00e9s a lak\u00f3hely \u00e9k\u00e9v\u00e9 v\u00e1lik. A szerkezet f\u00e9ny\u00e9rz\u00e9kel\u0151 szenzora a k\u00fcls\u0151 f\u00e9nyviszonyokhoz igaz\u00edtja a sz\u00ednt\u00f3nust \u00e9s a f\u00e9nyer\u0151t, ez\u00e1ltal a THE FRAME-en megjelen\u00edtett m\u0171alkot\u00e1sok \u00e9s a fot\u00f3k napszakt\u00f3l f\u00fcggetlen\u00fcl eg\u00e9sz pomp\u00e1jukban csod\u00e1lhat\u00f3k meg.<\/p>\n<p style=\"text-align: justify;\">A THE FRAME t\u00e9nyleg olyan, ak\u00e1r a k\u00e9pkeret, az \u00c9szrev\u00e9tlen Csatlakoz\u00e1s vezet\u00e9knek betudhat\u00f3an mert nem l\u00f3gnak ki bel\u0151le \u00e9ktelen k\u00e1belek \u00e9s vezet\u00e9kek, a hib\u00e1tlanul illeszked\u0151 falikonzol ugyanakkor biztos\u00edtja, hogy a g\u00e9pezet a falra simuljon. A THE FRAME ugyanakkor nem kiz\u00e1r\u00f3lagosan a falon, de k\u00fcl\u00f6n\u00e1ll\u00f3 elemk\u00e9nt is meg\u00e1llja a hely\u00e9t, a fest\u0151\u00e1llv\u00e1nyokat id\u00e9z\u0151 Studio Stand \u00e1llv\u00e1nyra helyezve cicoma mentes, rendhagy\u00f3 gal\u00e9ri\u00e1t var\u00e1zsolhatunk a nappalinkb\u00f3l.<\/p>\n<p style=\"text-align: justify;\">A m\u0171v\u00e9szeti kompoz\u00edci\u00f3kat a THE FRAME szem\u00e9lyre szabhat\u00f3 kieg\u00e9sz\u00edt\u0151i teszik teljess\u00e9: a n\u00e9gy elt\u00e9r\u0151 (fekete, feh\u00e9r, t\u00f6lgy- \u00e9s di\u00f3fa) kerettel a felhaszn\u00e1l\u00f3k a saj\u00e1t \u00edzl\u00e9s\u00fck \u00e9s a lak\u00f3hely\u00fck megjelen\u00e9se alapj\u00e1n alak\u00edthatj\u00e1k a THE FRAME-et.<\/p>\n","protected":false},"excerpt":{"rendered":"<p>Kiv\u00e9teles egy\u00fcttm\u0171k\u00f6d\u00e9st hozott nyilv\u00e1noss\u00e1gra a Samsung Electronics \u00e9s a Sz\u00e9pm\u0171v\u00e9szeti M\u00fazeum. A 73\u00a0\u00e9v ut\u00e1n ism\u00e9telten v\u00e1rja az \u00e9rdekl\u0151d\u0151ket Rom\u00e1n Csarnokban \u00e1prilis 2-ig a Samsung THE FRAME k\u00e9sz\u00fcl\u00e9kein tekinthetik meg a k\u00edv\u00e1ncsiskod\u00f3k a Sz\u00e9pm\u0171v\u00e9szeti M\u00fazeum gy\u0171jtem\u00e9ny\u00e9nek 5\u00a0vil\u00e1gh\u00edr\u0171 alkot\u00e1s\u00e1t.<\/p>\n<p class=\"continue-reading-button\"> <a class=\"continue-reading-link\" href=\"https:\/\/www.automatic-security.info\/?p=3837\">tov\u00e1bb<i class=\"crycon-right-dir\"><\/i><\/a><\/p>\n","protected":false},"author":2,"featured_media":3832,"comment_status":"closed","ping_status":"closed","sticky":false,"template":"","format":"standard","meta":[],"categories":[117],"tags":[388,387],"aioseo_notices":[],"_links":{"self":[{"href":"https:\/\/www.automatic-security.info\/index.php?rest_route=\/wp\/v2\/posts\/3837"}],"collection":[{"href":"https:\/\/www.automatic-security.info\/index.php?rest_route=\/wp\/v2\/posts"}],"about":[{"href":"https:\/\/www.automatic-security.info\/index.php?rest_route=\/wp\/v2\/types\/post"}],"author":[{"embeddable":true,"href":"https:\/\/www.automatic-security.info\/index.php?rest_route=\/wp\/v2\/users\/2"}],"replies":[{"embeddable":true,"href":"https:\/\/www.automatic-security.info\/index.php?rest_route=%2Fwp%2Fv2%2Fcomments&post=3837"}],"version-history":[{"count":1,"href":"https:\/\/www.automatic-security.info\/index.php?rest_route=\/wp\/v2\/posts\/3837\/revisions"}],"predecessor-version":[{"id":3838,"href":"https:\/\/www.automatic-security.info\/index.php?rest_route=\/wp\/v2\/posts\/3837\/revisions\/3838"}],"wp:featuredmedia":[{"embeddable":true,"href":"https:\/\/www.automatic-security.info\/index.php?rest_route=\/wp\/v2\/media\/3832"}],"wp:attachment":[{"href":"https:\/\/www.automatic-security.info\/index.php?rest_route=%2Fwp%2Fv2%2Fmedia&parent=3837"}],"wp:term":[{"taxonomy":"category","embeddable":true,"href":"https:\/\/www.automatic-security.info\/index.php?rest_route=%2Fwp%2Fv2%2Fcategories&post=3837"},{"taxonomy":"post_tag","embeddable":true,"href":"https:\/\/www.automatic-security.info\/index.php?rest_route=%2Fwp%2Fv2%2Ftags&post=3837"}],"curies":[{"name":"wp","href":"https:\/\/api.w.org\/{rel}","templated":true}]}}