{"id":3876,"date":"2018-06-20T17:55:10","date_gmt":"2018-06-20T16:55:10","guid":{"rendered":"http:\/\/www.automatic-security.info\/?p=3876"},"modified":"2018-06-18T17:56:57","modified_gmt":"2018-06-18T16:56:57","slug":"a-samsung-prezentalta-a-kereskedelmi-celu-the-wall-professional-monitorat","status":"publish","type":"post","link":"https:\/\/www.automatic-security.info\/?p=3876","title":{"rendered":"A Samsung prezent\u00e1lta a kereskedelmi c\u00e9l\u00fa The Wall Professional monitor\u00e1t"},"content":{"rendered":"<p style=\"text-align: justify;\">A CES 2018\u00a0egyik legink\u00e1bb k\u00f6zkedvelt term\u00e9k\u00e9nek kereskedelmi felhaszn\u00e1l\u00e1sra tervezett kiad\u00e1sa, a The Wall Professional megjelen\u00edt\u0151, melynek modul\u00e1ris kialak\u00edt\u00e1sa konfigur\u00e1lhat\u00f3 \u00e9s testre szabhat\u00f3. A g\u00e9pezet eszm\u00e9letlen fekete sz\u00ednt \u00e9s k\u00e9ptisztas\u00e1got ny\u00fajt vil\u00e1gos \u00e9s s\u00f6t\u00e9t f\u00e9nyviszonyok k\u00f6zt szint\u00e9n.<!--more--> A The Wall st\u00edlusos kialak\u00edt\u00e1sa moderniz\u00e1lja a bels\u0151 tereket, a v\u00e1llalati el\u0151csarnokokt\u00f3l kezdve a m\u00fazeumokon \u00e9s gal\u00e9ri\u00e1kon kereszt\u00fcl, a luxus \u00fczlethelyis\u00e9gekig. A monitor HDR10+ technol\u00f3gi\u00e1ja \u00e9s a MicroLED k\u00e9ppont egys\u00e9gek 1600\u00a0nites f\u00e9nyer\u0151t, kit\u0171n\u0151 k\u00e9pi- \u00e9s sz\u00ednmegjelen\u00edt\u00e9st id\u00e9znek el\u0151 sz\u0171r\u0151k vagy h\u00e1tt\u00e9rvil\u00e1g\u00edt\u00e1s n\u00e9lk\u00fcl.<\/p>\n<p style=\"text-align: justify;\">Csod\u00e1s fekete \u2013 A fekete kiemeli a r\u00e9szletekben rejl\u0151 n\u00fc\u00e1nszokat, \u00edgy a The Wall ezt a sz\u00ednt hangs\u00falyozza. A rendhagy\u00f3an fekete alap a speci\u00e1lisan alacsony visszaver\u0151d\u00e9s\u0171 fekete technol\u00f3gi\u00e1val \u00f6tv\u00f6zve tiszta, p\u00e1ratlanul kontrasztos \u00e9s r\u00e9szletes fekete sz\u00ednt ny\u00fajt.<\/p>\n<p style=\"text-align: justify;\">Frenetikus sz\u00ednvil\u00e1g \u2013 A val\u00f3di r\u00e9szletek a sz\u00ednekben rejlenek. A sz\u00edntisztas\u00e1g \u00e9s a sz\u00edntartom\u00e1ny kapcs\u00e1n a The Wall k\u00e9tszeresen fel\u00fclm\u00falja a tradicion\u00e1lis LED-eket: \u00e9l\u00e9nk, \u00e1mde term\u00e9szetes sz\u00edneket ny\u00fajt a megrend\u00edt\u0151 vizu\u00e1lis benyom\u00e1s \u00e9rdek\u00e9ben.<\/p>\n<p style=\"text-align: justify;\">B\u00e1mulatos kifinomults\u00e1g \u2013 A The Wall ipar\u00e1gvezet\u0151 k\u00e9palkot\u00f3 motorja, mint a fejlett HDR k\u00e9pfinom\u00edt\u00e1s, vagy a HDR10+ megold\u00e1s, intuit\u00edvan k\u00e9pes el\u00e9rni a megfelel\u0151 cs\u00facs f\u00e9nyer\u0151t, \u00e9s kiemelked\u0151en prec\u00edz sz\u00fcrke\u00e1rnyalatos megjelen\u00edt\u00e9st biztos\u00edt a val\u00f3s\u00e1gh\u0171 \u00e1br\u00e1zol\u00e1s \u00e9rdek\u00e9ben.<\/p>\n<p><a href=\"http:\/\/www.automatic-security.info\/wp-content\/uploads\/2018\/06\/a-samsung-bemutatta-a-kereskedelmi-celu-the-wall-professional-kijelzojet.jpg\"><img loading=\"lazy\" class=\"aligncenter wp-image-3859 size-full\" src=\"http:\/\/www.automatic-security.info\/wp-content\/uploads\/2018\/06\/a-samsung-bemutatta-a-kereskedelmi-celu-the-wall-professional-kijelzojet.jpg\" alt=\"\" width=\"600\" height=\"304\" srcset=\"https:\/\/www.automatic-security.info\/wp-content\/uploads\/2018\/06\/a-samsung-bemutatta-a-kereskedelmi-celu-the-wall-professional-kijelzojet.jpg 600w, https:\/\/www.automatic-security.info\/wp-content\/uploads\/2018\/06\/a-samsung-bemutatta-a-kereskedelmi-celu-the-wall-professional-kijelzojet-300x152.jpg 300w, https:\/\/www.automatic-security.info\/wp-content\/uploads\/2018\/06\/a-samsung-bemutatta-a-kereskedelmi-celu-the-wall-professional-kijelzojet-150x76.jpg 150w\" sizes=\"(max-width: 600px) 100vw, 600px\" \/><\/a><\/p>\n<h3 style=\"text-align: justify;\">MagicINFO 6: Egyszer\u0171bb tartalomk\u00e9sz\u00edt\u00e9s \u00e9s -kezel\u00e9s<\/h3>\n<p style=\"text-align: justify;\">A Samsung legfrissebb tartalomkezel\u0151 platformja, a MagicINFO 6\u00a0biztos\u00edtja a v\u00e1llalkoz\u00e1sbeli felhaszn\u00e1l\u00f3k r\u00e9sz\u00e9re, hogy b\u00e1rhol k\u00e9nyelmesen k\u00e9sz\u00edtsenek tartalmakat, ezt k\u00f6vet\u0151en id\u0151z\u00edts\u00e9k \u00e9s megossz\u00e1k azokat a digit\u00e1lis kijelz\u0151kb\u0151l \u00e1ll\u00f3 h\u00e1l\u00f3zaton. A TIZEN 4.0\u00a0alap\u00fa platformot t\u00e1volr\u00f3l is sim\u00e1n ir\u00e1ny\u00edthatjuk, legyen sz\u00f3 szoftveres vagy hardveres feladatokr\u00f3l, mindent \u00f6sszevetve a tartalmak gy\u00e1rt\u00e1s\u00e1\u00e9rt felel\u0151s csapatok t\u00e1volr\u00f3l is friss\u00edthetik a megjelen\u00edtett \u00fczenetek kivitelez\u00e9s\u00e9t \u00e9s \u00fctemterv\u00e9t. A MagicINFO 6\u00a0a vil\u00e1gon majdhogy nem speci\u00e1lis m\u00f3don a hibaelh\u00e1r\u00edt\u00e1sokhoz l\u00e9tfontoss\u00e1g\u00fa ellen\u0151rz\u00e9sekkel patron\u00e1lja a szerkezetet. A platform minden TIZEN 4.0\u00a0oper\u00e1ci\u00f3s rendszerrel ell\u00e1tott Samsung kijelz\u0151vel kompatibilis, mindent \u00f6sszevetve a The Wall Professional, a modern QMN \u00e9s QBN nagy tud\u00e1s\u00fa UHD \u00e9s az IF sorozat\u00fa LED kijelz\u0151kkel is.<\/p>\n<h3 style=\"text-align: justify;\">Dual Sided Outdoor Signage: dupla hirdet\u00e9si fel\u00fclet, m\u00e9g t\u00f6bb bev\u00e9tel<\/h3>\n<p style=\"text-align: justify;\">Az InfoComm 2018\u00a0szimp\u00f3zium r\u00e9sztvev\u0151inek lehet\u0151s\u00e9ge ny\u00edlik els\u0151k\u00e9nt megtekinteni a Samsung Dual Sided Outdoor Signage monitor\u00e1t is. A TIZEN 4.0\u00a0oper\u00e1ci\u00f3s rendszer alap\u00fa t\u00e1rgy 85\u00a0colos \u00e1tm\u00e9r\u0151vel b\u00fcszk\u00e9lkedhet, \u00e9s specifikus hirdet\u00e9si fel\u00fcletk\u00e9nt szolg\u00e1l ezt k\u00f6vet\u0151en a buszmeg\u00e1ll\u00f3kban vagy ak\u00e1r az utcai padok tekintet\u00e9ben is. A hirdet\u00e9shordoz\u00f3 c\u00e9lja, hogy a k\u00e9toldali megjelen\u00edt\u00e9snek h\u00e1la a lehet\u0151 legt\u00f6bb bev\u00e9telt gener\u00e1lja a hirdet\u0151knek.<\/p>\n<h3 style=\"text-align: justify;\">Nagy tud\u00e1s\u00fa UHD megjelen\u00edt\u0151: Magas hat\u00e9konys\u00e1g\u00fa \u00e9s t\u00f6bbfunkci\u00f3s inger<\/h3>\n<p style=\"text-align: justify;\">A modern, ugyancsak TIZEN 4.0\u00a0oper\u00e1ci\u00f3s rendszer alap\u00fa QMN (500nit-es f\u00e9nyer\u0151vel) \u00e9s QBN (350nit-es f\u00e9nyer\u0151vel) okos UHD monitor sorozatok m\u00e9g \u00e9lesebben \u00e9s tiszt\u00e1bban jelen\u00edtik meg a tartalmakat. A konstrukci\u00f3 egyed\u00fcl\u00e1ll\u00f3 v\u00e1laszt\u00e1s azon felhaszn\u00e1l\u00f3k r\u00e9sz\u00e9re, akik magas hat\u00e9konys\u00e1g\u00fa \u00e9s neh\u00e9zs\u00e9g n\u00e9lk\u00fcl \u00e1talak\u00edthat\u00f3, t\u00f6bbfunkci\u00f3s eszk\u00f6z\u00f6ket keresnek. Nagy tud\u00e1s\u00fa motorjuknak betudhat\u00f3an a monitorok b\u00e1rmilyen eredet\u0171 FHD tartalmat \u00e9lesebb, tiszt\u00e1bb UHD min\u0151s\u00e9gre jav\u00edtanak fel, ez\u00e1ltal manu\u00e1lis beavatkoz\u00e1s n\u00e9lk\u00fcl, r\u00f6gt\u00f6n a legjobb k\u00e9pmin\u0151s\u00e9get biztos\u00edtj\u00e1k. Az nagy tud\u00e1s\u00fa UHD megjelen\u00edt\u0151k j\u00faniust\u00f3l v\u00e1lnak hozz\u00e1f\u00e9rhet\u0151v\u00e9 az eg\u00e9sz vil\u00e1gon.<\/p>\n<h3 style=\"text-align: justify;\">IF sorozat LED monitor: Rendk\u00edv\u00fcli k\u00e9pmin\u0151s\u00e9g<\/h3>\n<p style=\"text-align: justify;\">A Samsung a bemutat\u00f3n el\u00e9nk t\u00e1rta az Egyes\u00fclt \u00c1llamokban j\u00faniust\u00f3l el\u00e9rhet\u0151 IF LED monitor sz\u00e9ri\u00e1j\u00e1t (P1.2-es modell) is, amely tov\u00e1bb cs\u00f6kkenti a pixelek k\u00f6zti t\u00e1vols\u00e1got. A cs\u00facsszuper megjelen\u00edt\u0151k kompakt, j\u00e1tszva kezelhet\u0151 kialak\u00edt\u00e1ssal, a Samsung \u00e9lvonalbeli vide\u00f3feldolgoz\u00e1si megold\u00e1saival, ezenfel\u00fcl HDR k\u00e9ptechnol\u00f3gi\u00e1val \u00e9rkeznek, hogy a kihangs\u00falyozott tartalmakat m\u00e9g \u00e9lesebben \u00e9s kifinomultabban jelen\u00edts\u00e9k meg. Az eszk\u00f6z a k\u00fcl\u00f6nleges jelenetenk\u00e9nti adapt\u00e1ci\u00f3s modern m\u0171szaki megold\u00e1snak betudhat\u00f3an az \u00f6sszes tartalmi egys\u00e9gn\u00e9l optimaliz\u00e1lja a megjelen\u00edtett sz\u00ednek k\u00f6zti \u00e1tmenetet \u00e9s a f\u00e9nyer\u0151 szintj\u00e9t, hogy a lehet\u0151 legr\u00e9szletesebb, legval\u00f3s\u00e1gh\u0171bb k\u00e9pet biztos\u00edtsa.<\/p>\n","protected":false},"excerpt":{"rendered":"<p>A CES 2018\u00a0egyik legink\u00e1bb k\u00f6zkedvelt term\u00e9k\u00e9nek kereskedelmi felhaszn\u00e1l\u00e1sra tervezett kiad\u00e1sa, a The Wall Professional megjelen\u00edt\u0151, melynek modul\u00e1ris kialak\u00edt\u00e1sa konfigur\u00e1lhat\u00f3 \u00e9s testre szabhat\u00f3. A g\u00e9pezet eszm\u00e9letlen fekete sz\u00ednt \u00e9s k\u00e9ptisztas\u00e1got ny\u00fajt vil\u00e1gos \u00e9s s\u00f6t\u00e9t f\u00e9nyviszonyok k\u00f6zt szint\u00e9n.<\/p>\n<p class=\"continue-reading-button\"> <a class=\"continue-reading-link\" href=\"https:\/\/www.automatic-security.info\/?p=3876\">tov\u00e1bb<i class=\"crycon-right-dir\"><\/i><\/a><\/p>\n","protected":false},"author":2,"featured_media":3859,"comment_status":"closed","ping_status":"closed","sticky":false,"template":"","format":"standard","meta":[],"categories":[117],"tags":[31,396],"aioseo_notices":[],"_links":{"self":[{"href":"https:\/\/www.automatic-security.info\/index.php?rest_route=\/wp\/v2\/posts\/3876"}],"collection":[{"href":"https:\/\/www.automatic-security.info\/index.php?rest_route=\/wp\/v2\/posts"}],"about":[{"href":"https:\/\/www.automatic-security.info\/index.php?rest_route=\/wp\/v2\/types\/post"}],"author":[{"embeddable":true,"href":"https:\/\/www.automatic-security.info\/index.php?rest_route=\/wp\/v2\/users\/2"}],"replies":[{"embeddable":true,"href":"https:\/\/www.automatic-security.info\/index.php?rest_route=%2Fwp%2Fv2%2Fcomments&post=3876"}],"version-history":[{"count":2,"href":"https:\/\/www.automatic-security.info\/index.php?rest_route=\/wp\/v2\/posts\/3876\/revisions"}],"predecessor-version":[{"id":3878,"href":"https:\/\/www.automatic-security.info\/index.php?rest_route=\/wp\/v2\/posts\/3876\/revisions\/3878"}],"wp:featuredmedia":[{"embeddable":true,"href":"https:\/\/www.automatic-security.info\/index.php?rest_route=\/wp\/v2\/media\/3859"}],"wp:attachment":[{"href":"https:\/\/www.automatic-security.info\/index.php?rest_route=%2Fwp%2Fv2%2Fmedia&parent=3876"}],"wp:term":[{"taxonomy":"category","embeddable":true,"href":"https:\/\/www.automatic-security.info\/index.php?rest_route=%2Fwp%2Fv2%2Fcategories&post=3876"},{"taxonomy":"post_tag","embeddable":true,"href":"https:\/\/www.automatic-security.info\/index.php?rest_route=%2Fwp%2Fv2%2Ftags&post=3876"}],"curies":[{"name":"wp","href":"https:\/\/api.w.org\/{rel}","templated":true}]}}