{"id":4006,"date":"2019-03-07T10:34:17","date_gmt":"2019-03-07T09:34:17","guid":{"rendered":"http:\/\/www.automatic-security.info\/?p=4006"},"modified":"2019-02-03T22:40:29","modified_gmt":"2019-02-03T21:40:29","slug":"tavasszal-a-bmw-meg-tovabb-fokozza-a-vezetes-elmenyet","status":"publish","type":"post","link":"https:\/\/www.automatic-security.info\/?p=4006","title":{"rendered":"Tavasszal a BMW m\u00e9g tov\u00e1bb fokozza a vezet\u00e9s \u00e9lm\u00e9ny\u00e9t"},"content":{"rendered":"\n<p>2019&nbsp;m\u00e1rcius\u00e1t\u00f3l\na bajor pr\u00e9miumgy\u00e1rt\u00f3 sokr\u00e9t\u0171 portf\u00f3li\u00f3j\u00e1nak nagyon sok modellcsal\u00e1dja friss\nfelszerelts\u00e9gi t\u00e9telekkel gazdagodik, mialatt bemutatkozik a BMW 5-\u00f6s\nsorozathoz el\u00e9rhet\u0151 BMW Individual Composition \u00f6ssze\u00e1ll\u00edt\u00e1s \u00e9s meg\u00e9rkezik a\nkompakt Sports Activity Coup\u00e9 szegmens \u00faj etalonja, a BMW X2&nbsp;M\u06fd5i modell\nis.<\/p>\n\n\n\n<!--more-->\n\n\n\n<p>2019&nbsp;tavasz\u00e1n a BMW izgalmas t\u00e9telekkel gyarap\u00edtja\nnagyon sok modellcsal\u00e1dja alapfelszerelts\u00e9g\u00e9t \u00e9s az \u00f6sszes r\u00e9gebbin\u00e9l sz\u00e9lesebb\nextrafelszerelts\u00e9gi palett\u00e1hoz ad hozz\u00e1f\u00e9r\u00e9st, amelyek \u00faj szintre emelik a\nvezet\u00e9s \u00e9lm\u00e9ny\u00e9t \u00e9s a szem\u00e9lyre szabhat\u00f3s\u00e1g alternat\u00edv\u00e1it. A BMW 2-es Coup\u00e9, a\nBMW 2-es Cabrio, a BMW 3-as Gran Turismo, a BMW 4-es sz\u00e9ria, a BMW\nM4&nbsp;Coup\u00e9 (\u00e1tlagos \u00fczemanyag-fogyaszt\u00e1s: 9,9 \u2013 10,0&nbsp;liter \/ 100&nbsp;km;\nvegy\u00edtett k\u00e1rosanyag-kibocs\u00e1t\u00e1s: 225 \u2013 227&nbsp;gramm \/ km) \u00e9s a BMW\nM4&nbsp;Cabrio (\u00e1tlagos \u00fczemanyag-fogyaszt\u00e1s: 10,1 \u2013 10,2&nbsp;liter \/\n100&nbsp;km; vegy\u00edtett k\u00e1rosanyag-kibocs\u00e1t\u00e1s: 230 \u2013 232&nbsp;gramm \/ km)\nsportos ki\u00e1ll\u00e1s\u00e1t \u00faj karossz\u00e9ria-kieg\u00e9sz\u00edt\u0151k, karossz\u00e9riaf\u00e9nyez\u00e9si \u00e1rnyalatok\n\u00e9s k\u00f6nny\u0171f\u00e9m ker\u00e9kt\u00e1rcs\u00e1k fokozz\u00e1k, a BMW 5-\u00f6s limuzin \u00e9s a BMW 5-\u00f6s Touring\nextrafelszerelts\u00e9gi portf\u00f3li\u00f3j\u00e1n ugyanakkor az M Sport felszerelts\u00e9gi csomag\nt\u00e9teleivel kieg\u00e9sz\u00edtett BMW Individual Composition \u00f6ssze\u00e1ll\u00edt\u00e1s is megjelenik.<\/p>\n\n\n\n<div class=\"wp-block-image\"><figure class=\"aligncenter\"><img loading=\"lazy\" width=\"600\" height=\"492\" src=\"http:\/\/www.automatic-security.info\/wp-content\/uploads\/2019\/02\/tavasszal-a-bmw-meg-tovabb-fokozza-a-vezetes-elmenyet.jpg\" alt=\"Tavasszal a BMW m\u00e9g tov\u00e1bb fokozza a vezet\u00e9s \u00e9lm\u00e9ny\u00e9t\" class=\"wp-image-3997\" srcset=\"https:\/\/www.automatic-security.info\/wp-content\/uploads\/2019\/02\/tavasszal-a-bmw-meg-tovabb-fokozza-a-vezetes-elmenyet.jpg 600w, https:\/\/www.automatic-security.info\/wp-content\/uploads\/2019\/02\/tavasszal-a-bmw-meg-tovabb-fokozza-a-vezetes-elmenyet-300x246.jpg 300w, https:\/\/www.automatic-security.info\/wp-content\/uploads\/2019\/02\/tavasszal-a-bmw-meg-tovabb-fokozza-a-vezetes-elmenyet-150x123.jpg 150w\" sizes=\"(max-width: 600px) 100vw, 600px\" \/><figcaption>Tavasszal a BMW m\u00e9g tov\u00e1bb fokozza a vezet\u00e9s \u00e9lm\u00e9ny\u00e9t<\/figcaption><\/figure><\/div>\n\n\n\n<p>A BMW X1&nbsp;\u00e9s a BMW X2&nbsp;modellcsal\u00e1d \u00faj\nmotorv\u00e1ltozatokkal b\u0151v\u00fcl, a kompakt m\u00e9ret\u0171 terepj\u00e1r\u00f3k k\u00e1rosanyag-kibocs\u00e1t\u00e1s\u00e1t\nugyanakkor id\u00e9n tavaszt\u00f3l benzin\u00fczem\u0171 r\u00e9szecskesz\u0171r\u0151 korrig\u00e1lja tov\u00e1bb. A BMW\nX2&nbsp;M\u06fd5i (\u00e1tlagos \u00fczemanyag-fogyaszt\u00e1s: 6,9 \u2013 7,1&nbsp;liter \/ 100&nbsp;km;\nvegy\u00edtett k\u00e1rosanyag-kibocs\u00e1t\u00e1s: 158 \u2013 161&nbsp;gramm \/ km) a Sports Activity\nCoup\u00e9 szegmens \u00faj z\u00e1szl\u00f3shaj\u00f3jak\u00e9nt \u00fcnnepli vil\u00e1gpremierj\u00e9t, a modern BMW 8-as\nCoup\u00e9 \u00e9s a BMW X5&nbsp;negyedik nemzed\u00e9ke mindazon\u00e1ltal mind\u00f6ssze p\u00e1r h\u00f3nappal\nbemutatkoz\u00e1s\u00e1t k\u00f6vet\u0151en kap \u00faj karossz\u00e9riaf\u00e9nyez\u00e9si \u00e9s utast\u00e9r-b\u0151r\u00f6z\u00e9si\nlehet\u0151s\u00e9geket.<\/p>\n\n\n\n<h3>BMW 2-es Coup\u00e9, BMW 2-es Cabrio \u00e9s BMW 3-as Gran Turismo: a sportoss\u00e1g \u00e9s a\nkifog\u00e1stalan megjelen\u00e9s p\u00e1ros\u00e1t most bemutatott felszerelts\u00e9gi opci\u00f3k\nnyomat\u00e9kos\u00edtj\u00e1k<\/h3>\n\n\n\n<p>A BMW 2-es Coup\u00e9 \u00e9s a BMW 2-es Cabrio sportos megjelen\u00e9s\u00e9t\n\u00e9s megnyer\u0151 ki\u00e1ll\u00e1s\u00e1t 2019&nbsp;m\u00e1rcius\u00e1t\u00f3l p\u00e9ld\u00e1ul az alapfelszerelts\u00e9gk\u00e9nt k\u00edn\u00e1lt s\u00f6t\u00e9t\u00edtett\nh\u00e1ts\u00f3 l\u00e1mp\u00e1k fokozz\u00e1k. A impoz\u00e1ns megold\u00e1st a nagyteljes\u00edtm\u00e9ny\u0171 BMW M\u00b2\nCompetition (\u00e1tlagos \u00fczemanyag-fogyaszt\u00e1s: 9,8 \u2013 10,0&nbsp;liter \/ 100&nbsp;km;\nvegy\u00edtett k\u00e1rosanyag-kibocs\u00e1t\u00e1s: 224 \u2013 227&nbsp;gramm \/ km) is meg\u00f6r\u00f6kli, a\nSport Line felszerelts\u00e9gi csomaggal felszerelt BMW 2-es Coup\u00e9 \u00e9s BMW 2-es\nCabrio modellekhez mindazon\u00e1ltal \u00fajabb k\u00e9tt\u00f3nus\u00fa, 17\u201d \u00e9s 18\u201d m\u00e9ret\u0171 k\u00f6nny\u0171f\u00e9m\nker\u00e9kt\u00e1rcs\u00e1k v\u00e1lnak el\u00e9rhet\u0151v\u00e9.<\/p>\n\n\n\n<p>A 18\u201d m\u00e9ret\u0171, ikerk\u00fcll\u0151-diz\u00e1jn\u00fa, Cerium Grey matt \u00e1rnyalat\u00fa,\nelt\u00e9r\u0151 m\u00e9ret\u0171 gumiabroncsokkal szerelt BMW M k\u00f6nny\u0171f\u00e9m ker\u00e9kt\u00e1rcsa-garnit\u00fara\nek\u00f6zben a BMW M\u00b240i Coup\u00e9 (\u00e1tlagos \u00fczemanyag-fogyaszt\u00e1s: 7,3 \u2013 7,4&nbsp;liter \/\n100&nbsp;km; vegy\u00edtett k\u00e1rosanyag-kibocs\u00e1t\u00e1s: 167 \u2013 168&nbsp;gramm \/ km), a BMW\nM\u00b240i xDrive Coup\u00e9 (\u00e1tlagos \u00fczemanyag-fogyaszt\u00e1s: 7,8 \u2013 8,0&nbsp;liter \/\n100&nbsp;km; vegy\u00edtett k\u00e1rosanyag-kibocs\u00e1t\u00e1s: 178 \u2013 181&nbsp;gramm \/ km), a BMW\nM\u00b240i Cabrio (\u00e1tlagos \u00fczemanyag-fogyaszt\u00e1s: 7,6&nbsp;liter \/ 100&nbsp;km;\nvegy\u00edtett k\u00e1rosanyag-kibocs\u00e1t\u00e1s: 172 \u2013 173&nbsp;gramm \/ km) \u00e9s a BMW M\u00b240i\nxDrive Cabrio (\u00e1tlagos \u00fczemanyag-fogyaszt\u00e1s: 8,3 \u2013 8,4&nbsp;liter \/\n100&nbsp;km; vegy\u00edtett k\u00e1rosanyag-kibocs\u00e1t\u00e1s: 188 \u2013 191&nbsp;gramm \/ km)\nmodellek opcion\u00e1lis extrafelszerelts\u00e9gk\u00e9nt el\u00e9rhet\u0151 t\u00e9telei k\u00f6zt is megjelenik.\nA BMW 2-es sz\u00e9ria alaposan sportos, hathengeres benzinmotorral szerelt\nmodelljeinek karossz\u00e9riaf\u00e9nyez\u00e9si palett\u00e1ja a \u00faj Long Beach Blue met\u00e1l\n\u00e1rnyalattal b\u0151v\u00fcl, az utast\u00e9ri extrafelszerelts\u00e9gek k\u00f6z\u00e9 mindazon\u00e1ltal a matt\nfel\u00fclet\u0171, sz\u00e9nsz\u00e1lb\u00f3l k\u00e9sz\u00fclt dekorbet\u00e9tek is felker\u00fclnek.<\/p>\n\n\n\n<p>A Sport Line \u00e9s M Sport felszerelts\u00e9gi csomaggal megrendelt\nBMW 2-es Coup\u00e9 \u00e9s BMW 2-es Cabrio modelleket a k\u00f6vetkez\u0151 \u00e9vekben feket\u00e9re\nf\u00e9nyezett h\u0171t\u0151r\u00e1cs-kerettel aj\u00e1nlja \u00fcgyf\u00e9lk\u00f6r\u00e9nek a v\u00e1llalat, az exkluz\u00edv\nvarr\u00e1ssal ell\u00e1tott Dakota b\u0151rk\u00e1rpitoz\u00e1s ugyanakkor \u00fajdons\u00e1gk\u00e9nt jelenik meg a\nk\u00fcl\u00f6n v\u00e1laszthat\u00f3 extrafelszerelts\u00e9gek palett\u00e1j\u00e1n.<\/p>\n\n\n\n<p>2019&nbsp;m\u00e1rcius\u00e1t\u00f3l\na BMW 3-as Gran Turismo is megkapja az alapfelszerelts\u00e9gk\u00e9nt k\u00edn\u00e1lt s\u00f6t\u00e9t\u00edtett\nh\u00e1ts\u00f3 l\u00e1mp\u00e1kat, a k\u00fcl\u00f6n v\u00e1laszthat\u00f3 extrafelszerelts\u00e9gk\u00e9nt megrendelhet\u0151\nadapt\u00edv LED f\u00e9nysz\u00f3r\u00f3k mindazon\u00e1ltal tavaszt\u00f3l fekete bet\u00e9teket viselnek. A\nk\u00fcl\u00f6n v\u00e1laszthat\u00f3 extrafelszerelts\u00e9g r\u00e9szek\u00e9nt el\u00e9rhet\u0151 M Sport felszerelts\u00e9gi\ncsomag sor\u00e1n mindez magasf\u00e9ny\u0171 feket\u00e9re f\u00e9nyezett h\u0171t\u0151r\u00e1ccsal, kipufog\u00f3v\u00e9gekkel\n\u00e9s k\u00fcls\u0151 visszapillant\u00f3-h\u00e1zakkal eg\u00e9sz\u00fcl ki. Az M Sport csomag modern, exkluz\u00edv\nt\u00e9teleik\u00e9nt v\u00e1lik el\u00e9rhet\u0151v\u00e9 a modellhez ezenk\u00edv\u00fcl a 18\u201d m\u00e9ret\u0171,\ncsillagk\u00fcll\u0151-diz\u00e1jn\u00fa, Jet Black \u00e1rnyalat\u00fa BMW M k\u00f6nny\u0171f\u00e9m ker\u00e9kt\u00e1rcsa-garnit\u00fara\n\u00e9s a 19\u201d m\u00e9ret\u0171, ikerk\u00fcll\u0151-diz\u00e1jn\u00fa, felpol\u00edrozott Jet Black \u00e1rnyalat\u00fa, elt\u00e9r\u0151\nm\u00e9ret\u0171 gumiabroncsokkal szerelt BMW M k\u00f6nny\u0171f\u00e9m ker\u00e9kt\u00e1rcsa-garnit\u00fara is. S\u0151t\nmi t\u00f6bb, az M Sport felszerelts\u00e9gi csomaggal megrendelt BMW 3-as Gran Turismo\nmodellek id\u00e9n tavaszt\u00f3l a Mineral White met\u00e1l karossz\u00e9riaf\u00e9nyez\u00e9si \u00e1rnyalatban\nis megrendelhet\u0151k.<\/p>\n\n\n\n<h3>BMW 4-es sz\u00e9ria, BMW M4&nbsp;Coup\u00e9 \u00e9s BMW M4&nbsp;Cabrio: \u00faj\nkarossz\u00e9riaf\u00e9nyez\u00e9si \u00e1rnyalatok, k\u00f6nny\u0171f\u00e9m ker\u00e9kt\u00e1rcs\u00e1k \u00e9s utast\u00e9r-b\u0151r\u00f6z\u00e9si\nv\u00e1laszt\u00e1si lehet\u0151s\u00e9gek<\/h3>\n\n\n\n<p>\u00dajabbn\u00e1l \u00fajabb szem\u00e9lyre szabhat\u00f3s\u00e1gi opci\u00f3inak betudhat\u00f3an\na BMW 4-es sz\u00e9ria 2019&nbsp;m\u00e1rcius\u00e1t\u00f3l\naz \u00f6sszes r\u00e9gebbin\u00e9l mutat\u00f3sabb alternat\u00edv\u00e1v\u00e1 v\u00e1lik. A BMW 4-es Gran Coup\u00e9\n\u00farias eleganci\u00e1j\u00e1t p\u00e9ld\u00e1nak ok\u00e1\u00e9rt a BMW Individual Aventurine Red met\u00e1l \u00e9s\nFrozen Dark Grey met\u00e1l karossz\u00e9riaf\u00e9nyez\u00e9si \u00e1rnyalatai emelik \u00faj szintre, m\u00edg a\nBMW 4-es Coup\u00e9 \u00e9s BMW 4-es Cabrio modellp\u00e1roshoz el\u00e9rhet\u0151 karossz\u00e9riaf\u00e9nyez\u00e9si\nopci\u00f3k t\u00e1rh\u00e1za a Mediterranean Blue met\u00e1l sz\u00ednnel b\u0151v\u00fcl. A BMW 4-es sz\u00e9ria\nopcion\u00e1lis extrafelszerelts\u00e9gk\u00e9nt megrendelhet\u0151 t\u00e9telei k\u00f6zt \u00fajdons\u00e1gk\u00e9nt\nmutatkozik be a k\u00e9tt\u00f3nus\u00fa \u00e9s Orbit Grey \u00e1rnyalatban ugyancsak el\u00e9rhet\u0151, 18\u201d\nm\u00e9ret\u0171, ikerk\u00fcll\u0151-diz\u00e1jn\u00fa k\u00f6nny\u0171f\u00e9m ker\u00e9kt\u00e1rcsa-garnit\u00fara \u00e9s a 19\u201d m\u00e9ret\u0171,\nikerk\u00fcll\u0151-diz\u00e1jn\u00fa, k\u00e9tt\u00f3nus\u00fa Jet Black \u00e1rnyalatban megrendelhet\u0151, elt\u00e9r\u0151 m\u00e9ret\u0171\ngumiabroncsokkal szerelt BMW M k\u00f6nny\u0171f\u00e9m ker\u00e9kt\u00e1rcsa-garnit\u00fara is.<\/p>\n\n\n\n<p>A Sport Line, Luxury Line \u00e9s M Sport felszerelts\u00e9gi\ncsomaggal megrendelt 4-es BMW-k utaster\u00e9ben \u00fajdons\u00e1gk\u00e9nt jelenik meg a k\u00fcl\u00f6n\nv\u00e1laszthat\u00f3 extrafelszerelts\u00e9g r\u00e9szek\u00e9nt el\u00e9rhet\u0151 Dakota b\u0151rk\u00e1rpit Mocha\n\u00e1rnyalat\u00fa fajt\u00e1ja \u00e9s a megannyi, sz\u00e9nsz\u00e1lb\u00f3l k\u00e9sz\u00fclt dekorbet\u00e9t, amely szint\u00e9n\naz M Sport felszerelts\u00e9gi csomag kieg\u00e9sz\u00edt\u0151 t\u00e9tele. Az M Sport \u00e9s Sport Line\nfelszerelts\u00e9gi csomaggal megrendelt 4-es BMW modellek m\u00e1r az alapfelszerelts\u00e9g\nr\u00e9szek\u00e9nt s\u00f6t\u00e9t\u00edtett h\u00e1ts\u00f3 l\u00e1mp\u00e1kkal \u00e9s magasf\u00e9ny\u0171 feket\u00e9re f\u00e9nyezett\nh\u0171t\u0151r\u00e1ccsal gurulnak be az \u00fcgyfelek gar\u00e1zs\u00e1ba.<\/p>\n\n\n\n<p>2019&nbsp;tavasz\u00e1t\u00f3l a BMW M4&nbsp;Coup\u00e9 \u00e9s BMW\nM4&nbsp;Cabrio modellp\u00e1rost is s\u00f6t\u00e9t\u00edtett h\u00e1ts\u00f3 l\u00e1mp\u00e1k d\u00edsz\u00edtik. A k\u00e9t\nnagyteljes\u00edtm\u00e9ny\u0171 modell opcion\u00e1lis extrafelszerelts\u00e9gei k\u00f6zt ezzel egy id\u0151ben\na BMW Individual Frozen Dark Blue met\u00e1l karossz\u00e9riaf\u00e9nyez\u00e9si \u00e1rnyalata is\nmegjelenik, s\u0151t mi t\u00f6bb, a Competition Package teljes\u00edtm\u00e9nyn\u00f6vel\u0151 csomaggal\nfelszerelt BMW M4&nbsp;Coup\u00e9 modellek k\u00e9t \u00faj b\u0151rk\u00e1rpitoz\u00e1ssal is megrendelhet\u0151k\nlesznek: a BMW Individual finomszemcs\u00e9s Merino b\u0151rk\u00e1rpitoz\u00e1sa Sakhir Orange \/\nBlack \u00e9s Silverstone \/ Black k\u00e9tt\u00f3nus\u00fa sz\u00ednben v\u00e1lik el\u00e9rhet\u0151v\u00e9.<\/p>\n\n\n\n<h3>Exkluz\u00edv menetdinamika: modern M Sport Individual felszerelts\u00e9gi csomag a\nBMW 4-es sorozathoz<\/h3>\n\n\n\n<p>2019&nbsp;m\u00e1rcius\u00e1t\u00f3l\negy modern, felett\u00e9bb vonz\u00f3 felszerelts\u00e9gi csomag v\u00e1lik el\u00e9rhet\u0151v\u00e9 a BMW 4-es\nCoup\u00e9, a BMW 4-es Cabrio \u00e9s a BMW 4-es Gran Coup\u00e9 h\u00e1rmas\u00e1hoz: bemutatkozik az M\nSport Individual felszerelts\u00e9gi csomag, amely a BMW M modellek jellegzetes\nst\u00edlusjegyeivel \u00e9s a BMW Individual exkluz\u00edv opci\u00f3ival fokozza tov\u00e1bb a 4-es\nBMW-k sportos eleganci\u00e1j\u00e1t. A modern opci\u00f3 r\u00e9sze a BMW Individual Tanzanite\nBlue met\u00e1l karossz\u00e9riaf\u00e9nyez\u00e9s, a BMW M aerodinamikai csomag, a BMW Individual\nmagasf\u00e9ny\u0171 Shadow Line k\u00fcls\u0151 felszerelts\u00e9gi csomag, a 19\u201d m\u00e9ret\u0171,\nV-k\u00fcll\u0151diz\u00e1jn\u00fa, elt\u00e9r\u0151 m\u00e9ret\u0171 gumiabroncsokkal szerelt BMW Individual k\u00f6nny\u0171f\u00e9m\nker\u00e9kt\u00e1rcsa-garnit\u00fara \u00e9s a v\u00e1ltoz\u00f3 \u00e1tt\u00e9tel\u0171 sportkorm\u00e1ny. A\nh\u00e1ts\u00f3ker\u00e9k-meghajt\u00e1ssal dolgoz\u00f3 modellek a csomag r\u00e9szek\u00e9nt BMW M sport\nfut\u00f3m\u0171vet is kapnak.<\/p>\n\n\n\n<p>Az utast\u00e9r ugyanabban az id\u0151ben sportos \u00e9s luxus sz\u00ednvonal\u00fa\nhangulat\u00e1t p\u00e9ld\u00e1ul els\u0151 sport\u00fcl\u00e9sek, Opal White \u00e1rnyalat\u00fa BMW Individual\nfinomszemcs\u00e9s Merino b\u0151rk\u00e1rpitoz\u00e1s, f\u0171t\u00f6tt \u00fcl\u00e9sek, BMW M b\u0151rkorm\u00e1ny,\nvil\u00e1g\u00edt\u00e1scsomag \u00e9s Piano Finish Black \u00e1rnyalat\u00fa dekorbet\u00e9tek teremtik meg. A\nBMW 4-es Coup\u00e9 \u00e9s a BMW 4-es Gran Coup\u00e9 modellek tekintet\u00e9ben mindez Anthracite\n\u00e1rnyalat\u00fa BMW Individual tet\u0151k\u00e1rpitoz\u00e1ssal eg\u00e9sz\u00fcl ki. A karossz\u00e9riaf\u00e9nyez\u00e9si\nopci\u00f3k, k\u00f6nny\u0171f\u00e9m ker\u00e9kt\u00e1rcsa-garnit\u00far\u00e1k, b\u0151rk\u00e1rpitoz\u00e1sok \u00e9s utast\u00e9ri\ndekorbet\u00e9tek kapcs\u00e1n a bajor pr\u00e9miumgy\u00e1rt\u00f3 kuncsaftjai az \u00f6sszes r\u00e9gebbin\u00e9l \u00e1tfog\u00f3bb\npalett\u00e1r\u00f3l v\u00e1logathatnak.<\/p>\n\n\n\n<h3>BMW 5-\u00f6s sz\u00e9ria: \u00edme az M Sport felszerelts\u00e9gi csomag t\u00e9teleivel\nkieg\u00e9sz\u00edtett BMW Individual Composition \u00f6ssze\u00e1ll\u00edt\u00e1s<\/h3>\n\n\n\n<p>A BMW 5-\u00f6s limuzin \u00e9s a BMW 5-\u00f6s Touring modellp\u00e1ros\u00e1hoz\n2019&nbsp;m\u00e1rcius\u00e1t\u00f3l\nmegrendelhet\u0151 BMW Individual Composition \u00f6ssze\u00e1ll\u00edt\u00e1s a legexkluz\u00edvabb\nst\u00edlusjegyek \u00e9s felszerelts\u00e9gi opci\u00f3k \u00edzl\u00e9sesen kompon\u00e1lt, M Sport t\u00e9telekkel\nkieg\u00e9sz\u00edtett palett\u00e1j\u00e1t aj\u00e1nlja fel a bajor pr\u00e9miumgy\u00e1rt\u00f3 v\u00e1s\u00e1rl\u00f3inak. Az\n\u00fajdons\u00fclt t\u00e9telek k\u00f6zt a BMW Individual Azurite Black met\u00e1l, Carbon Black\nmet\u00e1l, Champagne Quartz met\u00e1l, Almandine Brown met\u00e1l \u00e9s Rhodonite Silver met\u00e1l\nkarossz\u00e9riaf\u00e9nyez\u00e9si \u00e1rnyalatai, a BMW Individual 20\u201d m\u00e9ret\u0171 k\u00f6nny\u0171f\u00e9m\nker\u00e9kt\u00e1rcs\u00e1i, a Tartufo, Caramel \u00e9s Smoke White sz\u00ednekben el\u00e9rhet\u0151 BMW\nIndividual finomszemcs\u00e9s Merino b\u0151rk\u00e1rpitoz\u00e1s, az akt\u00edv \u00fcl\u00e9sszell\u0151ztet\u00e9ssel\nkieg\u00e9sz\u00edtett komfort\u00fcl\u00e9sek, a b\u0151rbor\u00edt\u00e1s\u00fa BMW Individual m\u0171szerfal, az\nAnthracite \u00e1rnyalat\u00fa BMW Individual tet\u0151k\u00e1rpit \u00e9s a BMW Individual utast\u00e9ri\ndekorbet\u00e9tek is megtal\u00e1lhat\u00f3k.<\/p>\n\n\n\n<p>A impoz\u00e1ns karossz\u00e9ria-kieg\u00e9sz\u00edt\u0151k \u00e9s utast\u00e9ri opci\u00f3k\nrendk\u00edv\u00fcli palett\u00e1ja BMW M aerodinamikai csomaggal, BMW M sport fut\u00f3m\u0171vel, BMW\nM sport f\u00e9krendszerrel, BMW M b\u0151rkorm\u00e1nnyal, vil\u00e1g\u00edt\u00f3 BMW M k\u00fcsz\u00f6bl\u00e9cekkel, a\nBMW Individual magasf\u00e9ny\u0171 Shadow Line k\u00fcls\u0151 felszerelts\u00e9gi csomag t\u00e9teleivel,\ntetej\u00e9be magasf\u00e9ny\u0171 feket\u00e9re f\u00e9nyezett h\u0171t\u0151r\u00e1cs-lamell\u00e1kkal eg\u00e9sz\u00fcl ki.\nSpecifikus felszerelts\u00e9gi csomag r\u00e9szei r\u00e1ad\u00e1sul a LED-es k\u00f6dl\u00e1mp\u00e1k, a trap\u00e9z\nalak\u00fa, kr\u00f3mozott kipufog\u00f3v\u00e9gek \u00e9s a k\u00fcl\u00f6n v\u00e1laszthat\u00f3 extrafelszerelts\u00e9g\nr\u00e9szek\u00e9nt el\u00e9rhet\u0151 hangulatvil\u00e1g\u00edt\u00e1s is.<\/p>\n\n\n\n<h3>BMW 8-as Coup\u00e9 az \u00f6sszes r\u00e9gebbin\u00e9l gazdagabb karossz\u00e9riaf\u00e9nyez\u00e9si\npalett\u00e1val \u00e9s utast\u00e9r-b\u0151r\u00f6z\u00e9si lehet\u0151s\u00e9gekkel<\/h3>\n\n\n\n<p>A modern BMW 8-as Coup\u00e9 leny\u0171g\u00f6z\u0151, luxus sz\u00ednvonal\u00fa\natmoszf\u00e9r\u00e1ja a modern karossz\u00e9riaf\u00e9nyez\u00e9si opci\u00f3k \u00e9s utast\u00e9r-b\u0151r\u00f6z\u00e9si opci\u00f3k\nk\u00f6vetkezt\u00e9ben 2019&nbsp;m\u00e1rcius\u00e1t\u00f3l\nlegink\u00e1bb a bajor pr\u00e9miumgy\u00e1rt\u00f3 klienseinek egy\u00e9nis\u00e9g\u00e9t t\u00fckr\u00f6zheti. A modellhez\nmegrendelhet\u0151 karossz\u00e9riaf\u00e9nyez\u00e9si \u00e1rnyalatok portf\u00f3li\u00f3ja a BMW Individual\nAventurine Red met\u00e1l, Tanzanite Blue met\u00e1l, Brilliant White met\u00e1l Frozen Dark\nBrown met\u00e1l, Frozen Arctic Grey met\u00e1l, Frozen Cashmere Silver met\u00e1l, Frozen\nDark Silver met\u00e1l, Frozen Brilliant White met\u00e1l \u00e9s Pure Metal Silver met\u00e1l\nsz\u00ednekkel b\u0151v\u00fcl.<\/p>\n\n\n\n<p>A BMW Individual finomszemcs\u00e9s Merino b\u0151rk\u00e1rpitoz\u00e1s ek\u00f6zben\na bajor pr\u00e9miumgy\u00e1rt\u00f3 azon megrendel\u0151inek ig\u00e9nyeit is marad\u00e9ktalanul kiel\u00e9g\u00edti,\nakik 8-as BMW-j\u00fck utaster\u00e9t p\u00e1ratlanul exkluz\u00edv k\u00f6nt\u00f6sbe \u00f6lt\u00f6ztetn\u00e9k. Az opci\u00f3\nBlack, Ivory White \u00e9s Cognac sz\u00ednvil\u00e1gban, mindemellett Fiona Red \/ Black,\nTartufo \/ Black, Ivory White \/ Tartufo \u00e9s Midnight Blue \/ Black k\u00e9tt\u00f3nus\u00fa\n\u00e1rnyalatban is megrendelhet\u0151. \u00dajdons\u00e1gk\u00e9nt \u00e9rkeznek valamint a f\u00e1b\u00f3l k\u00e9sz\u00fclt\nBMW Individual utast\u00e9ri bet\u00e9tek, amelyek magasf\u00e9ny\u0171 Ash Silver Effect\n\u00e1rnyalatban v\u00e1lnak el\u00e9rhet\u0151v\u00e9.<\/p>\n\n\n\n<h3>BMW X5: \u00faj karossz\u00e9riaf\u00e9nyez\u00e9si \u00e1rnyalatok \u00e9s utast\u00e9r-b\u0151r\u00f6z\u00e9si eshet\u0151s\u00e9gek<\/h3>\n\n\n\n<p>A bajor pr\u00e9miumgy\u00e1rt\u00f3 2019&nbsp;tavasz\u00e1n a korszer\u0171 BMW\nX5&nbsp;karossz\u00e9riaf\u00e9nyez\u00e9si \u00e1rnyalatait \u00e9s utast\u00e9r-b\u0151r\u00f6z\u00e9si lehet\u0151s\u00e9geit\negyes\u00edt\u0151 extrafelszerelts\u00e9gi portf\u00f3li\u00f3t is tov\u00e1bb b\u0151v\u00edti. A kateg\u00f3riateremt\u0151\nSports Activity Vehicle negyedik gener\u00e1ci\u00f3ja a Sophisto Grey Brilliant Effect\nmet\u00e1l \u00e9s a Terra Brown met\u00e1l sz\u00ednekben, tov\u00e1bb\u00e1 a BMW Individual Ruby Black\nmet\u00e1l, Pyrite Brown met\u00e1l, Ametrine met\u00e1l \u00e9s Tanzanite Blue met\u00e1l \u00e1rnyalataiban\nis megrendelhet\u0151 lesz.<\/p>\n\n\n\n<p>S\u0151t mi t\u00f6bb, a korszer\u0171 BMW X5&nbsp;utaster\u00e9nek az \u00f6sszes\nr\u00e9gebbin\u00e9l \u00e1tfog\u00f3bb szem\u00e9lyre szabhat\u00f3s\u00e1g\u00e1r\u00f3l is \u00fajabb extrafelszerelts\u00e9gi\nopci\u00f3k gondoskodnak. Az \u00fajdons\u00e1gok k\u00f6zt az Ivory White \/ Midnight Blue\nk\u00e9tt\u00f3nus\u00fa \u00f6ssze\u00e1ll\u00edt\u00e1sban el\u00e9rhet\u0151, kib\u0151v\u00edtett BMW Individual Merino\nb\u0151rk\u00e1rpitoz\u00e1s, ezenfel\u00fcl a Black, Ivory White, Tartufo, Coffee \u00e9s Ivory White \/\nMidnight Blue \u00e1rnyalatokban megrendelhet\u0151 BMW Individual finomszemcs\u00e9s Merino\nb\u0151rk\u00e1rpitoz\u00e1s is megtal\u00e1lhat\u00f3. 2019&nbsp;\u00e1prilis\u00e1t\u00f3l mindemellett mindezt alum\u00ednium\nberak\u00e1ssal d\u00edsz\u00edtett, Fineline Black sz\u00edn\u0171 BMW Individual utast\u00e9ri fabet\u00e9tek\neg\u00e9sz\u00edthetik ki, a k\u00fcl\u00f6n v\u00e1laszthat\u00f3 extrafelszerelts\u00e9g r\u00e9szek\u00e9nt.<\/p>\n\n\n\n<h3>\u00c9rkezik a BMW X2&nbsp;M\u06fd5i, r\u00e1ad\u00e1sul a benzin\u00fczem\u0171 r\u00e9szecskesz\u0171r\u0151vel\nfelszerelt BMW X1&nbsp;xDrive20i, BMW X2&nbsp;xDrive20i \u00e9s BMW\nX1&nbsp;xDrive25i<\/h3>\n\n\n\n<p>2019&nbsp;tavasz\u00e1n \u00faj z\u00e1szl\u00f3shaj\u00f3 mutatkozik be a BMW\nX2&nbsp;modellpalett\u00e1j\u00e1n: bemutatkozik a BMW X2&nbsp;M\u06fd5i, aminek extrovert\u00e1lt\nformanyelve m\u00f6g\u00e9 egy rettent\u0151en er\u0151teljes n\u00e9gyhengeres benzinmotort \u00e9p\u00edtettek\nbe a m\u00e9rn\u00f6k\u00f6k. A BMW M TwinPower Turbo technol\u00f3gi\u00e1val dolgoz\u00f3, 2.0&nbsp;liter\nhenger\u0171rtartalm\u00fa kapacit\u00e1s 225&nbsp;kW \/ 306&nbsp;l\u00f3er\u0151 maxim\u00e1lis teljes\u00edtm\u00e9ny\n\u00e9s 450&nbsp;Nm cs\u00facs forgat\u00f3nyomat\u00e9k lead\u00e1s\u00e1ra k\u00e9pes, amely a kompakt m\u00e9ret\u0171\nSports Activity Coup\u00e9 modellt 5,0&nbsp;m\u00e1sodperc alatt gyors\u00edtja fel \u00e1ll\u00f3\nhelyzetb\u0151l 100&nbsp;km\/\u00f3r\u00e1s sebess\u00e9gre. A motorb\u00f3l \u00e9rkez\u0151 teljes\u00edtm\u00e9ny \u00e9s\nforgat\u00f3nyomat\u00e9k a nyolcfokozat\u00fa Steptronic Sport automatav\u00e1lt\u00f3n \u00e9s a BMW xDrive\nokos \u00f6sszker\u00e9khajt\u00e1son \u00e1t jut el a n\u00e9gy ker\u00e9kre, a leger\u0151sebb BMW\nX2&nbsp;kimagasl\u00f3an sportos menetdinamik\u00e1j\u00e1r\u00f3l ugyanakkor BMW M sport\nf\u00e9krendszer, ezenk\u00edv\u00fcl az els\u0151 tengelyen dolgoz\u00f3 mechanikus BMW M sport\ndifferenci\u00e1lm\u0171 gondoskodik.\n\n2019&nbsp;m\u00e1rcius\u00e1t\u00f3l\nek\u00f6zben a BMW X1&nbsp;\u00e9s a BMW X2&nbsp;nagysz\u00e1m\u00fa benzinmotorral hajtott\nmotorv\u00e1ltozata cs\u00f6kkenti tov\u00e1bb k\u00e1rosanyag-kibocs\u00e1t\u00e1s\u00e1t: a BMW\nX1&nbsp;xDrive20i (\u00e1tlagos \u00fczemanyag-fogyaszt\u00e1s: 6,7&nbsp;liter \/ 100&nbsp;km;\nvegy\u00edtett k\u00e1rosanyag-kibocs\u00e1t\u00e1s: 152&nbsp;gramm \/ km), a BMW X2&nbsp;xDrive20i\n(\u00e1tlagos \u00fczemanyag-fogyaszt\u00e1s: 6,5 \u2013 6,7&nbsp;liter \/ 100&nbsp;km; vegy\u00edtett\nk\u00e1rosanyag-kibocs\u00e1t\u00e1s: 147 \u2013 152&nbsp;gramm \/ km) \u00e9s a BMW X2&nbsp;xDrive25i\n(\u00e1tlagos \u00fczemanyag-fogyaszt\u00e1s: 6,8&nbsp;liter \/ 100&nbsp;km; vegy\u00edtett\nk\u00e1rosanyag-kibocs\u00e1t\u00e1s: 155&nbsp;gramm \/ km) emisszi\u00f3j\u00e1t m\u00e1r az\nalapfelszerelts\u00e9g r\u00e9szek\u00e9nt benzin\u00fczem\u0171 r\u00e9szecskesz\u0171r\u0151 reduk\u00e1lja.\n\n\n\n<\/p>\n","protected":false},"excerpt":{"rendered":"<p>2019&nbsp;m\u00e1rcius\u00e1t\u00f3l a bajor pr\u00e9miumgy\u00e1rt\u00f3 sokr\u00e9t\u0171 portf\u00f3li\u00f3j\u00e1nak nagyon sok modellcsal\u00e1dja friss felszerelts\u00e9gi t\u00e9telekkel gazdagodik, mialatt bemutatkozik a BMW 5-\u00f6s sorozathoz el\u00e9rhet\u0151 BMW Individual Composition \u00f6ssze\u00e1ll\u00edt\u00e1s \u00e9s meg\u00e9rkezik a kompakt Sports Activity Coup\u00e9 szegmens \u00faj etalonja, a BMW X2&nbsp;M\u06fd5i modell is.<\/p>\n<p class=\"continue-reading-button\"> <a class=\"continue-reading-link\" href=\"https:\/\/www.automatic-security.info\/?p=4006\">tov\u00e1bb<i class=\"crycon-right-dir\"><\/i><\/a><\/p>\n","protected":false},"author":4,"featured_media":4008,"comment_status":"closed","ping_status":"closed","sticky":false,"template":"","format":"standard","meta":[],"categories":[117],"tags":[],"aioseo_notices":[],"_links":{"self":[{"href":"https:\/\/www.automatic-security.info\/index.php?rest_route=\/wp\/v2\/posts\/4006"}],"collection":[{"href":"https:\/\/www.automatic-security.info\/index.php?rest_route=\/wp\/v2\/posts"}],"about":[{"href":"https:\/\/www.automatic-security.info\/index.php?rest_route=\/wp\/v2\/types\/post"}],"author":[{"embeddable":true,"href":"https:\/\/www.automatic-security.info\/index.php?rest_route=\/wp\/v2\/users\/4"}],"replies":[{"embeddable":true,"href":"https:\/\/www.automatic-security.info\/index.php?rest_route=%2Fwp%2Fv2%2Fcomments&post=4006"}],"version-history":[{"count":1,"href":"https:\/\/www.automatic-security.info\/index.php?rest_route=\/wp\/v2\/posts\/4006\/revisions"}],"predecessor-version":[{"id":4007,"href":"https:\/\/www.automatic-security.info\/index.php?rest_route=\/wp\/v2\/posts\/4006\/revisions\/4007"}],"wp:featuredmedia":[{"embeddable":true,"href":"https:\/\/www.automatic-security.info\/index.php?rest_route=\/wp\/v2\/media\/4008"}],"wp:attachment":[{"href":"https:\/\/www.automatic-security.info\/index.php?rest_route=%2Fwp%2Fv2%2Fmedia&parent=4006"}],"wp:term":[{"taxonomy":"category","embeddable":true,"href":"https:\/\/www.automatic-security.info\/index.php?rest_route=%2Fwp%2Fv2%2Fcategories&post=4006"},{"taxonomy":"post_tag","embeddable":true,"href":"https:\/\/www.automatic-security.info\/index.php?rest_route=%2Fwp%2Fv2%2Ftags&post=4006"}],"curies":[{"name":"wp","href":"https:\/\/api.w.org\/{rel}","templated":true}]}}