{"id":4053,"date":"2019-05-24T19:04:16","date_gmt":"2019-05-24T18:04:16","guid":{"rendered":"http:\/\/www.automatic-security.info\/?p=4053"},"modified":"2019-05-12T21:05:31","modified_gmt":"2019-05-12T20:05:31","slug":"zabolatlan-teljesitmeny-a-vezetes-specifikus-elmenyevel","status":"publish","type":"post","link":"https:\/\/www.automatic-security.info\/?p=4053","title":{"rendered":"Zabol\u00e1tlan teljes\u00edtm\u00e9ny a vezet\u00e9s specifikus \u00e9lm\u00e9ny\u00e9vel"},"content":{"rendered":"<p style=\"text-align: justify;\">Glob\u00e1lis bemutat\u00f3 a korszer\u0171 BMW M8\u00a0Coup\u00e9 \u00e9s a korszer\u0171 BMW M8\u00a0Cabrio modellp\u00e1ros\u00e1ban: a hajt\u00e1sl\u00e1nc \u00e9s a fut\u00f3m\u0171 konfigur\u00e1l\u00e1s\u00e1t k\u00edn\u00e1l\u00f3 \u201eSetup\u201d gombbal a f\u00e9krendszer be\u00e1ll\u00edt\u00e1sai is szem\u00e9lyre szabhat\u00f3v\u00e1 v\u00e1lnak, m\u00edg a most bemutatott \u201eM Mode\u201d gomb a k\u00f6z\u00fati \u00e9s a versenyp\u00e1ly\u00e1s vezet\u00e9s preferenci\u00e1it r\u00e9szes\u00edti el\u0151nyben.<!--more--><\/p>\n<p style=\"text-align: justify;\">A BMW M modellek a vezet\u00e9s \u00f6sszehasonl\u00edthatatlan \u00e9lm\u00e9ny\u00e9vel b\u00edrnak \u2013 mostant\u00f3l m\u00e9g egyedibb form\u00e1ban: a BMW M GmbH egy olyan \u00faj kijelz\u0151- \u00e9s j\u00e1rm\u0171vez\u00e9rl\u0151 rendszert ismertet, amellyel nagyteljes\u00edtm\u00e9ny\u0171 sportaut\u00f3inak hajt\u00e1sl\u00e1nca, fut\u00f3m\u0171ve \u00e9s vezet\u00e9st t\u00e1mogat\u00f3 rendszerei r\u00e9szletekbe men\u0151en szem\u00e9lyre szabhat\u00f3k. A vezet\u00e9si szitu\u00e1ci\u00f3 f\u00fcggv\u00e9ny\u00e9ben \u00e1ll\u00edthat\u00f3 j\u00e1rm\u0171be\u00e1ll\u00edt\u00e1sokon \u00e9s a \u201eSetup\u201d gombbal konfigur\u00e1lhat\u00f3 saj\u00e1t rendszerpreferenci\u00e1kon t\u00fal a bajor pr\u00e9miumgy\u00e1rt\u00f3 v\u00e1s\u00e1rl\u00f3i m\u00e1r az \u201eM Mode\u201d gomb modern szolg\u00e1ltat\u00e1sait is ki\u00e9lvezhetik, egyetlen gombnyom\u00e1ssal. A \u201eSetup\u201d gomb a j\u00e1rm\u0171be\u00e1ll\u00edt\u00e1sok az \u00f6sszes r\u00e9gebbin\u00e9l \u00e1tfog\u00f3bb r\u00e9szletess\u00e9g\u00e9t v\u00e1ltja val\u00f3ra, m\u00edg az \u201eM Mode\u201d gomb a kijelz\u0151- \u00e9s vezet\u00e9st t\u00e1mogat\u00f3 rendszerek szem\u00e9lyre szabott hangol\u00e1s\u00e1t k\u00edn\u00e1lja. Ez a teljess\u00e9ggel p\u00e1ratlan, az \u00f6sszes r\u00e9gebbin\u00e9l intuit\u00edvabb j\u00e1rm\u0171vez\u00e9rl\u0151 rendszer els\u0151 \u00edzben a korszer\u0171 BMW M8\u00a0Coup\u00e9 \u00e9s a korszer\u0171 BMW M8\u00a0Competition Coup\u00e9 (\u00e1tlagos \u00fczemanyag-fogyaszt\u00e1s: 10,5 \u2013 10,6\u00a0liter \/ 100\u00a0km; vegy\u00edtett k\u00e1rosanyag-kibocs\u00e1t\u00e1s: 238 \u2013 242\u00a0gramm \/ km; el\u0151zetes \u00e9rt\u00e9kek), ezenfel\u00fcl a modern BMW M8\u00a0Cabrio \u00e9s a modern BMW M8\u00a0Competition Cabrio (\u00e1tlagos \u00fczemanyag-fogyaszt\u00e1s: 10,6 \u2013 10,8\u00a0liter \/ 100\u00a0km; vegy\u00edtett k\u00e1rosanyag-kibocs\u00e1t\u00e1s: 241 \u2013 246\u00a0gramm \/ km; el\u0151zetes \u00e9rt\u00e9kek) fed\u00e9lzet\u00e9n mutatkozik be. Az fejleszt\u00e9s seg\u00e9dkez\u00e9s\u00e9vel a BMW nagyteljes\u00edtm\u00e9ny\u0171 luxusaut\u00f3inak vezet\u0151i m\u00e9g intenz\u00edvebben \u00e9lhetik kereszt\u00fcl a cs\u00facsmodellek rendk\u00edv\u00fcli adotts\u00e1gait, az abszol\u00fat menetkomfortt\u00f3l kezdve, eg\u00e9szen a v\u00e9rpezsd\u00edt\u0151 versenyp\u00e1ly\u00e1s lend\u00fcletig.<\/p>\n<div id=\"attachment_4049\" style=\"width: 610px\" class=\"wp-caption aligncenter\"><a href=\"http:\/\/www.automatic-security.info\/wp-content\/uploads\/2019\/05\/zabolatlan-teljesitmeny-a-vezetes-egyedi-elmenyevel-a-bmw-m-gmbh-uj-kijelzo-es-jarmuvezerlo-rendszert-fejleszt-nagyteljesitmenyu-sportautoiba.jpg\"><img aria-describedby=\"caption-attachment-4049\" loading=\"lazy\" class=\"size-full wp-image-4049\" src=\"http:\/\/www.automatic-security.info\/wp-content\/uploads\/2019\/05\/zabolatlan-teljesitmeny-a-vezetes-egyedi-elmenyevel-a-bmw-m-gmbh-uj-kijelzo-es-jarmuvezerlo-rendszert-fejleszt-nagyteljesitmenyu-sportautoiba.jpg\" alt=\"\" width=\"600\" height=\"400\" srcset=\"https:\/\/www.automatic-security.info\/wp-content\/uploads\/2019\/05\/zabolatlan-teljesitmeny-a-vezetes-egyedi-elmenyevel-a-bmw-m-gmbh-uj-kijelzo-es-jarmuvezerlo-rendszert-fejleszt-nagyteljesitmenyu-sportautoiba.jpg 600w, https:\/\/www.automatic-security.info\/wp-content\/uploads\/2019\/05\/zabolatlan-teljesitmeny-a-vezetes-egyedi-elmenyevel-a-bmw-m-gmbh-uj-kijelzo-es-jarmuvezerlo-rendszert-fejleszt-nagyteljesitmenyu-sportautoiba-300x200.jpg 300w, https:\/\/www.automatic-security.info\/wp-content\/uploads\/2019\/05\/zabolatlan-teljesitmeny-a-vezetes-egyedi-elmenyevel-a-bmw-m-gmbh-uj-kijelzo-es-jarmuvezerlo-rendszert-fejleszt-nagyteljesitmenyu-sportautoiba-150x100.jpg 150w\" sizes=\"(max-width: 600px) 100vw, 600px\" \/><\/a><p id=\"caption-attachment-4049\" class=\"wp-caption-text\">Zabol\u00e1tlan teljes\u00edtm\u00e9ny a vezet\u00e9s specifikus \u00e9lm\u00e9ny\u00e9vel: a BMW M GmbH \u00faj kijelz\u0151- \u00e9s j\u00e1rm\u0171vez\u00e9rl\u0151 rendszert fejleszt nagyteljes\u00edtm\u00e9ny\u0171 sportaut\u00f3iba<\/p><\/div>\n<p style=\"text-align: justify;\">A BMW M modellek r\u00e9sz\u00e9re kifejlesztett j\u00e1rm\u0171vez\u00e9rl\u0151 rendszerek eddig is konkr\u00e9tan sz\u00e9les sk\u00e1l\u00e1n k\u00edn\u00e1lt\u00e1k fel az \u00fcgyfelek r\u00e9sz\u00e9re a hajt\u00e1sl\u00e1nc \u00e9s a fut\u00f3m\u0171 jellegzetes hangol\u00e1si lehet\u0151s\u00e9geit, aminek r\u00e9szek\u00e9nt a vezet\u0151k az kapacit\u00e1s, a ker\u00e9kfelf\u00fcggeszt\u00e9s \u00e9s a korm\u00e1nym\u0171 karakterisztik\u00e1j\u00e1t k\u00fcl\u00f6n-k\u00fcl\u00f6n \u00e1ll\u00edthatj\u00e1k be. A BMW M xDrive nagy tud\u00e1s\u00fa \u00f6sszker\u00e9khajt\u00e1ssal dolgoz\u00f3 modellek tekintet\u00e9ben a motorb\u00f3l \u00e9rkez\u0151 er\u0151 tengelyek k\u00f6zti eloszt\u00e1s\u00e1nak m\u00e9rt\u00e9ke is maxim\u00e1lisan szem\u00e9lyre szabhat\u00f3. A korszer\u0171 BMW M8\u00a0Coup\u00e9 \u00e9s a modern BMW M8\u00a0Cabrio mindezeken fel\u00fcl a f\u00e9krendszer konfigur\u00e1l\u00e1s\u00e1t is felk\u00edn\u00e1lja a bajor pr\u00e9miumgy\u00e1rt\u00f3 megrendel\u0151inek.<\/p>\n<h3 style=\"text-align: justify;\">\u00daj \u201eSetup\u201d gomb a hajt\u00e1sl\u00e1nc \u00e9s a fut\u00f3m\u0171 k\u00f6zvetlen, intuit\u00edv ir\u00e1ny\u00edt\u00e1sa \u00e9rdek\u00e9ben<\/h3>\n<p style=\"text-align: justify;\">A korszer\u0171 BMW M8\u00a0Coup\u00e9 \u00e9s a modern BMW M8\u00a0Cabrio k\u00f6z\u00e9pkonzolj\u00e1n megtal\u00e1lhat\u00f3 \u201eSetup\u201d gomb \u00f6t k\u00fcl\u00f6nf\u00e9le j\u00e1rm\u0171param\u00e9ter k\u00f6zvetlen be\u00e1ll\u00edt\u00e1s\u00e1t k\u00edn\u00e1lja. A \u00faj gomb megnyom\u00e1s\u00e1ra a k\u00f6zponti megjelen\u00edt\u0151n a \u201eJ\u00e1rm\u0171be\u00e1ll\u00edt\u00e1sok\u201d men\u00fcpont ugrik fel, amely list\u00e1ba rendezve mutatja az adott modell aktu\u00e1lis be\u00e1ll\u00edt\u00e1sait. A bajor pr\u00e9miumgy\u00e1rt\u00f3 fogyaszt\u00f3i itt egyetlen l\u00e9p\u00e9ssel, perszon\u00e1lis preferenci\u00e1ik alapj\u00e1n \u00e1ll\u00edthatj\u00e1k kereszt\u00fcl a motor, a fut\u00f3m\u0171, a korm\u00e1nym\u0171, a f\u00e9krendszer \u00e9s a BMW M xDrive okos \u00f6sszker\u00e9khajt\u00e1s m\u0171k\u00f6d\u00e9si sziszt\u00e9m\u00e1j\u00e1t, az \u00e9rint\u0151k\u00e9perny\u0151 vagy a BMW iDrive vez\u00e9rl\u0151t\u00e1rcsa ig\u00e9nybev\u00e9tel\u00e9vel.<\/p>\n<p style=\"text-align: justify;\">Az kapacit\u00e1s karakterisztik\u00e1ja az EFFICIENT, a SPORT \u00e9s a SPORT PLUS be\u00e1ll\u00edt\u00e1sok k\u00f6zt \u00e1ll\u00edthat\u00f3, ameddig a fut\u00f3m\u0171 az elektronikusan vez\u00e9relt leng\u00e9scsillap\u00edt\u00f3k COMFORT, SPORT \u00e9s SPORT PLUS hangol\u00e1si lehet\u0151s\u00e9geit aj\u00e1nlja fel. A vezet\u0151k a BMW M-specifikus, elektromechanikus szervokorm\u00e1ny \u00e9s a modern f\u00e9krendszer tekintet\u00e9ben a COMFORT \u00e9s a SPORT karakterisztik\u00e1k k\u00f6z\u00fcl v\u00e1laszthatnak. A dinamikus menetstabiliz\u00e1l\u00f3 rendszer (DSC \u2013 Dynamic Stability Control) kikapcsol\u00e1sakor a BMW M xDrive okos \u00f6sszker\u00e9khajt\u00e1s 4WD, 4WD SPORT \u00e9s 2WD (tiszt\u00e1n h\u00e1ts\u00f3ker\u00e9k-meghajt\u00e1s) \u00fczemm\u00f3djai is el\u00e9rhet\u0151v\u00e9 v\u00e1lnak. A bajor pr\u00e9miumgy\u00e1rt\u00f3 fogyaszt\u00f3i a sportkorm\u00e1nyon fedezhet\u0151 fel M1\u00a0\u00e9s M\u00b2 gombokra k\u00fcl\u00f6n-k\u00fcl\u00f6n elmenthetik a motor, a fut\u00f3m\u0171, a f\u00e9krendszer, a korm\u00e1nym\u0171 \u00e9s a BMW M xDrive okos \u00f6sszker\u00e9khajt\u00e1s szem\u00e9lyre szabott, p\u00e9ld\u00e1san egym\u00e1shoz hangolt karakterisztik\u00e1it, amelyeket a motorhang, a sebess\u00e9gv\u00e1lt\u00f3-karakterisztika, a menetstabiliz\u00e1l\u00f3 rendszerek \u00e9s az automata motorle\u00e1ll\u00edt\u00e1si alkalom (Auto Start Stop) egy\u00e9ni preferenci\u00e1khoz igaz\u00edtott be\u00e1ll\u00edt\u00e1saival eg\u00e9sz\u00edthetnek ki. A j\u00e1rm\u0171 eg\u00e9sz be\u00e1ll\u00edt\u00e1sa ez\u00e1ltal egyetlen gombnyom\u00e1ssal aktiv\u00e1lhat\u00f3v\u00e1 v\u00e1lik.<\/p>\n<p style=\"text-align: justify;\">Premier a BMW M8\u00a0sportmodellben: integr\u00e1lt f\u00e9krendszer korrekt ped\u00e1l-visszajelz\u00e9sekkel \u00e9s BMW M-specifikus konfigur\u00e1lhat\u00f3s\u00e1ggal<\/p>\n<p style=\"text-align: justify;\">A modern BMW M8\u00a0sportmodellben deb\u00fct\u00e1l\u00f3, BMW M-specifikus f\u00e9krendszer a f\u00e9kez\u00e9si karakterisztika speci\u00e1lis hangol\u00e1s\u00e1nak lehet\u0151s\u00e9g\u00e9t v\u00e1ltja val\u00f3ra. Az moderniz\u00e1lt modern m\u0171szaki megold\u00e1s hozz\u00e1j\u00e1rul\u00e1s\u00e1val a bajor pr\u00e9miumgy\u00e1rt\u00f3 fogyaszt\u00f3i egyetlen rendszeren \u00e1t, a vezet\u00e9si szitu\u00e1ci\u00f3 f\u00fcggv\u00e9ny\u00e9ben \u00e1ll\u00edthatj\u00e1k be a f\u00e9krendszer reag\u00e1l\u00e1si sebess\u00e9g\u00e9t, er\u0151ss\u00e9g\u00e9t \u00e9s vez\u00e9rl\u0151funkci\u00f3it. Az integr\u00e1lt f\u00e9krendszer hozz\u00e1vet\u0151legesen k\u00e9t kilogrammal cs\u00f6kkenti a j\u00e1rm\u0171 rug\u00f3zatlan t\u00f6meg\u00e9t \u00e9s v\u00e1kuum-mentes f\u00e9khat\u00e1s-er\u0151s\u00edt\u0151vel fokozza a modell hat\u00e9konys\u00e1g\u00e1t. Az ide\u00e1lis lassul\u00e1shoz elengedhetetlen f\u00e9knyom\u00e1st egy elektromos egys\u00e9g \u00e1ll\u00edtja el\u0151, amely intenz\u00edvebb m\u0171k\u00f6d\u00e9st, a menetstabiliz\u00e1l\u00f3 rendszerekkel mindazon\u00e1ltal kiemelked\u0151en gyorsabb \u00e9s pontosabb egy\u00fcttm\u0171k\u00f6d\u00e9st garant\u00e1l.<\/p>\n<p style=\"text-align: justify;\">Az integr\u00e1lt f\u00e9krendszer lass\u00edt\u00f3 hat\u00e1s\u00e1t a bajor pr\u00e9miumgy\u00e1rt\u00f3 megrendel\u0151i remek\u00fcl szem\u00e9lyre szabhatj\u00e1k, m\u00edg a rendszer minden vezet\u00e9si szitu\u00e1ci\u00f3ban korrekt ped\u00e1l-visszajelz\u00e9seket ad. Ut\u00f3bbiakra sem a nedves \u00fatviszonyok, sem az oldalir\u00e1ny\u00fa gyorsul\u00e1si impresszi\u00f3k, sem a magasabb f\u00e9kh\u0151m\u00e9rs\u00e9kletek nincsenek hat\u00e1ssal. A prec\u00edz ped\u00e1l-visszajelz\u00e9sek ek\u00f6zben minden pillanatban nagyszer\u0171 f\u00e9ker\u0151-adagolhat\u00f3s\u00e1got garant\u00e1lnak.<\/p>\n<p style=\"text-align: justify;\">A BMW M modellek r\u00e9sz\u00e9re kifejlesztett, \u00faj f\u00e9krendszer k\u00e9t elt\u00e9r\u0151 ped\u00e1l-visszajelz\u00e9si lehet\u0151s\u00e9get is aj\u00e1nl: a f\u00e9kped\u00e1l \u00e9rz\u00e9kenys\u00e9g\u00e9t COMFORT \u00e9s SPORT karakterisztika alapj\u00e1n \u00e1ll\u00edthatj\u00e1k be a bajor pr\u00e9miumm\u00e1rka haszn\u00e1l\u00f3i. Am\u00edg el\u0151bbi a komfortos vezet\u00e9si benyom\u00e1s m\u0171k\u00f6d\u00e9si elv\u00e9t r\u00e9szes\u00edti el\u0151nyben, addig ut\u00f3bbi m\u00e1r a ped\u00e1l legenyh\u00e9bb \u00e9rint\u00e9s\u00e9re is v\u00e9gtelen\u00fcl k\u00f6zvetlen, azonnali f\u00e9khat\u00e1ssal reag\u00e1l. Eme tov\u00e1bbfejlesztett rendszer az alapfelszerelts\u00e9gk\u00e9nt k\u00edn\u00e1lt BMW M f\u00e9kekkel \u00e9s a k\u00fcl\u00f6n v\u00e1laszthat\u00f3 extrafelszerelts\u00e9g r\u00e9szek\u00e9nt el\u00e9rhet\u0151 BMW M karbon-ker\u00e1mia f\u00e9kekkel is \u00e9szbont\u00f3an egy\u00fcttm\u0171k\u00f6dik a modern BMW M8\u00a0sportmodellben.<\/p>\n<h3 style=\"text-align: justify;\">Sz\u00edntiszta vezet\u00e9si benyom\u00e1s az \u00faj\u00edt\u00e1s erej\u00e9vel: az \u201eM Mode\u201d gomb<\/h3>\n<p style=\"text-align: justify;\">A \u201eSetup\u201d gomb \u00e1ltal felk\u00edn\u00e1lt mostani j\u00e1rm\u0171be\u00e1ll\u00edt\u00e1si v\u00e1laszt\u00e1sok mellett a korszer\u0171 BMW M8\u00a0a nyolcfokozat\u00fa Steptronic automatav\u00e1lt\u00f3 karakterisztik\u00e1j\u00e1nak \u00e9s az kapacit\u00e1s hangj\u00e1nak be\u00e1ll\u00edt\u00e1s\u00e1t is k\u00edn\u00e1lja, el\u0151bbit az el\u0151v\u00e1laszt\u00f3 karon elhelyezett Drivelogic gomb, ut\u00f3bbit ugyanakkor a k\u00f6z\u00e9pkonzolon elhelyezett k\u00fcl\u00f6n\u00e1ll\u00f3 gomb seg\u00e9dkez\u00e9s\u00e9vel. A menetstabiliz\u00e1l\u00f3 rendszerek \u00e9rz\u00e9kenys\u00e9g\u00e9t cs\u00f6kkent\u0151 \u00e9s kontroll\u00e1lt j\u00e1rm\u0171cs\u00fasztat\u00e1sokat is lehet\u0151v\u00e9 tev\u0151 M Dinamikus M\u00f3d (MDM \u2013 M Dynamic Mode), s\u0151t m\u00e9g a dinamikus menetstabiliz\u00e1l\u00f3 rendszert (DSC \u2013 Dynamic Stability Control) kikapcsol\u00f3 \u201eDSC Off\u201d szerepk\u00f6r szint\u00e9n k\u00fcl\u00f6n gombot kapott.<\/p>\n<p style=\"text-align: justify;\">A BMW M GmbH \u00faj z\u00e1szl\u00f3shaj\u00f3inak egyik hatalmas \u00faj\u00edt\u00e1sa ugyanakkor a k\u00f6z\u00e9pkonzolon elhelyezett \u201eM Mode\u201d gomb, aminek seg\u00e9dkez\u00e9s\u00e9vel a bajor pr\u00e9miumgy\u00e1rt\u00f3 megrendel\u0151i mag\u00e1n preferenci\u00e1ik alapj\u00e1n \u00e1ll\u00edthatj\u00e1k kereszt\u00fcl a vezet\u00e9st t\u00e1mogat\u00f3 rendszerek m\u0171k\u00f6d\u00e9si elv\u00e9t, tov\u00e1bb\u00e1 a marad\u00e9ktalanul digit\u00e1lis m\u0171szeregys\u00e9g \u00e9s a BMW Head-up megjelen\u00edt\u0151 p\u00e1ros\u00e1nak megjelen\u00edtett tartalm\u00e1t. Az \u201eM Mode\u201d gomb megnyom\u00e1s\u00e1val a korszer\u0171 BMW M8\u00a0Coup\u00e9 \u00e9s a korszer\u0171 BMW M8\u00a0Cabrio vezet\u0151i a ROAD \u00e9s a SPORT \u00fczemm\u00f3dok k\u00f6zt v\u00e1laszthatnak, amely a modern BMW M8\u00a0Competition Coup\u00e9 \u00e9s a modern BMW M8\u00a0Competition Cabrio modellp\u00e1ros sor\u00e1n TRACK \u00fczemm\u00f3ddal eg\u00e9sz\u00fcl ki. Mindh\u00e1rom opci\u00f3 az adott vezet\u00e9si szitu\u00e1ci\u00f3 f\u00fcggv\u00e9ny\u00e9ben fokozza a BMW M modellek \u00e1ltal f\u00e9mjelzett vezet\u00e9si \u00e9lm\u00e9nyt. Az opci\u00f3k v\u00e1ltoztat\u00e1s\u00e1val a kijelz\u0151k\u00f6n megjelen\u00edtett tartalmak \u00e9s inform\u00e1ci\u00f3k is v\u00e1ltoznak, a vezet\u00e9st t\u00e1mogat\u00f3 rendszerek menetbiztons\u00e1gi k\u00f6zbeavatkoz\u00e1sai ugyanakkor \u2013 \u00fagy mint az akt\u00edv f\u00e9kez\u00e9s vagy az akt\u00edv korm\u00e1nyz\u00e1s \u2013 minim\u00e1lisra cs\u00f6kkennek, vagy teljesen megsz\u0171nnek.<\/p>\n<p style=\"text-align: justify;\">Az alap\u00e9rtelmezett be\u00e1ll\u00edt\u00e1sk\u00e9nt aktiv\u00e1l\u00f3d\u00f3 ROAD \u00fczemm\u00f3d sor\u00e1n az alapfelszerelts\u00e9gk\u00e9nt \u00e9s opcion\u00e1lis extrafelszerelts\u00e9gk\u00e9nt funkcion\u00e1l\u00f3 vezet\u00e9st t\u00e1mogat\u00f3 rendszerek mindegyik bekapcsolnak. Az \u201eM Mode\u201d gomb egyszeri megnyom\u00e1s\u00e1val r\u00f6gvest aktiv\u00e1l\u00f3dik a SPORT \u00fczemm\u00f3d, amely a bajor pr\u00e9miumgy\u00e1rt\u00f3 kliensei \u00e1ltal konfigur\u00e1lt sziszt\u00e9ma alapj\u00e1n m\u0171k\u00f6dteti a fed\u00e9lzeti vezet\u00e9st t\u00e1mogat\u00f3 rendszereket. A modern m\u0171szaki megold\u00e1s ilyenkor az adott \u00fatszakaszra vonatkoz\u00f3 sebess\u00e9gkorl\u00e1toz\u00e1sokr\u00f3l \u00e9s el\u0151z\u00e9si tilalmakr\u00f3l is mind\u00f6ssze figyelmeztet\u0151 jelz\u00e9seket k\u00fcld, m\u00edg a vezet\u00e9st t\u00e1mogat\u00f3 rendszerek minden f\u00e9kez\u00e9si \u00e9s korm\u00e1nyz\u00e1si k\u00f6zbeavatkoz\u00e1s\u00e1t kikapcsolja \u2013 kiv\u00e9ve az automata f\u00e9kez\u0151 funkci\u00f3val dolgoz\u00f3, \u00fctk\u00f6z\u00e9sre figyelmeztet\u0151 rendszer (Collision Warning with braking function) \u00e9s a kiker\u00fcl\u00e9si seg\u00e9dlet (Evasion Aid) tekintet\u00e9ben.<\/p>\n<p style=\"text-align: justify;\">SPORT \u00fczemm\u00f3dban a marad\u00e9ktalanul digit\u00e1lis m\u0171szeregys\u00e9g \u00e9s a BMW Head-up monitor is a \u00faj M View megjelen\u00edt\u00e9s alapj\u00e1n dolgozik. A modern m\u0171szaki megold\u00e1s ilyenkor mind\u00f6ssze a sportos vezet\u00e9shez elengedhetetlen legsz\u00e1mottev\u0151bb inform\u00e1ci\u00f3kat jelen\u00edti meg, mindent \u00f6sszevetve a BMW M-specifikus fordulatsz\u00e1mm\u00e9r\u0151t, az ide\u00e1lis sebess\u00e9gv\u00e1lt\u00e1s kijelz\u00e9s\u00e9t, a digit\u00e1lis sebess\u00e9gm\u00e9r\u0151t \u00e9s az aktu\u00e1lis sebess\u00e9gi fokozatot. A m\u0171szeregys\u00e9g bal \u00e9s jobb oldal\u00e1n ezzel p\u00e1rhuzamosan a h\u0171t\u0151folyad\u00e9k h\u0151m\u00e9rs\u00e9klete, a turb\u00f3felt\u00f6lt\u0151 t\u00f6lt\u00e9si nyom\u00e1sa, a gumiabroncsok \u00e1llapota \u00e9s a hosszanti-, ezenfel\u00fcl oldalir\u00e1ny\u00fa gyorsul\u00e1s m\u00e9rt\u00e9ke \u00e9rz\u00e9kelhet\u0151. A BMW Head-up megjelen\u00edt\u0151 tartalma ez esetben mind\u00f6ssze a fordulatsz\u00e1mm\u00e9r\u0151re, az ide\u00e1lis sebess\u00e9gv\u00e1lt\u00e1s kijelz\u00e9s\u00e9re, a navig\u00e1ci\u00f3s rendszer ir\u00e1nymutat\u00e1saira \u00e9s t\u00e1vols\u00e1gi figyelmeztet\u00e9seire, az aktu\u00e1lis temp\u00f3ra \u00e9s sebess\u00e9gi fokozatra, emellett a sebess\u00e9gkorl\u00e1toz\u00e1sokra figyelmeztet\u0151 rendszer (Speed Limit Info) korl\u00e1toz\u00e1saira \u00e9s el\u0151z\u00e9si tilalmaira koncenr\u00e1l\u00f3dik. Az \u201eM Mode\u201d gomb ism\u00e9telt megnyom\u00e1s\u00e1val a rendszer az alap\u00e9rtelmezett be\u00e1ll\u00edt\u00e1sk\u00e9nt aktiv\u00e1l\u00f3d\u00f3 ROAD \u00fczemm\u00f3dra v\u00e1lt kereszt\u00fcl.<\/p>\n<p style=\"text-align: justify;\">Az \u201eM Mode\u201d gomb hosszabb megnyom\u00e1s\u00e1val kelthet\u0151 \u00e9letre a konkr\u00e9tan versenyp\u00e1ly\u00e1s haszn\u00e1latra kifejlesztett TRACK \u00fczemm\u00f3d, viszont csak a korszer\u0171 BMW M8\u00a0Competition Coup\u00e9 \u00e9s a modern BMW M8\u00a0Competition Cabrio modellp\u00e1ros tekintet\u00e9ben. Az opci\u00f3 aktiv\u00e1l\u00e1s\u00e1t a vezet\u0151knek a BMW iDrive vez\u00e9rl\u0151t\u00e1rcsa megnyom\u00e1s\u00e1val is meg kell er\u0151s\u00edteni\u00fck, a modern m\u0171szaki megold\u00e1s tudniillik ez esetben minden komfort- \u00e9s biztons\u00e1gfokoz\u00f3 vezet\u00e9st t\u00e1mogat\u00f3 rendszert kikapcsolja. Kikapcsol ezenk\u00edv\u00fcl a fed\u00e9lzeti zenerendszer \u00e9s a k\u00f6zponti monitor is, hogy a bajor pr\u00e9miumm\u00e1rka kuncsaftjai maxim\u00e1lisan a p\u00e1lya vonalvezet\u00e9s\u00e9re koncentr\u00e1lhassanak. A TRACK \u00fczemm\u00f3d aktiv\u00e1l\u00e1s\u00e1val a korszer\u0171 BMW M8\u00a0Competition Coup\u00e9 \u00e9s a modern BMW M8\u00a0Competition Cabrio vezet\u0151i a BMW M div\u00edzi\u00f3 motorsport-ihlette, tiszt\u00e1n versenyaut\u00f3s esszenci\u00e1j\u00e1t \u00e9lhetik kereszt\u00fcl. A digit\u00e1lis m\u0171szeregys\u00e9g \u00e9s a BMW Head-up megjelen\u00edt\u0151 ez esetben is M View megjelen\u00edt\u00e9s alapj\u00e1n dolgozik, viszont a navig\u00e1ci\u00f3s rendszer ir\u00e1nymutat\u00e1sai \u00e9s t\u00e1vols\u00e1gi figyelmeztet\u00e9sei, s\u0151t m\u00e9g a sebess\u00e9gkorl\u00e1toz\u00e1sokra figyelmeztet\u0151 rendszer (Speed Limit Info) korl\u00e1toz\u00e1sai \u00e9s el\u0151z\u00e9si tilalmai n\u00e9lk\u00fcl. Az \u201eM Mode\u201d gomb ism\u00e9telt megnyom\u00e1s\u00e1val a rendszer az alap\u00e9rtelmezett be\u00e1ll\u00edt\u00e1sk\u00e9nt aktiv\u00e1l\u00f3d\u00f3 ROAD \u00fczemm\u00f3dra v\u00e1lt kereszt\u00fcl.<\/p>\n","protected":false},"excerpt":{"rendered":"<p>Glob\u00e1lis bemutat\u00f3 a korszer\u0171 BMW M8\u00a0Coup\u00e9 \u00e9s a korszer\u0171 BMW M8\u00a0Cabrio modellp\u00e1ros\u00e1ban: a hajt\u00e1sl\u00e1nc \u00e9s a fut\u00f3m\u0171 konfigur\u00e1l\u00e1s\u00e1t k\u00edn\u00e1l\u00f3 \u201eSetup\u201d gombbal a f\u00e9krendszer be\u00e1ll\u00edt\u00e1sai is szem\u00e9lyre szabhat\u00f3v\u00e1 v\u00e1lnak, m\u00edg a most bemutatott \u201eM Mode\u201d gomb a k\u00f6z\u00fati \u00e9s a versenyp\u00e1ly\u00e1s vezet\u00e9s preferenci\u00e1it r\u00e9szes\u00edti el\u0151nyben.<\/p>\n<p class=\"continue-reading-button\"> <a class=\"continue-reading-link\" href=\"https:\/\/www.automatic-security.info\/?p=4053\">tov\u00e1bb<i class=\"crycon-right-dir\"><\/i><\/a><\/p>\n","protected":false},"author":4,"featured_media":4049,"comment_status":"closed","ping_status":"closed","sticky":false,"template":"","format":"standard","meta":[],"categories":[117],"tags":[],"aioseo_notices":[],"_links":{"self":[{"href":"https:\/\/www.automatic-security.info\/index.php?rest_route=\/wp\/v2\/posts\/4053"}],"collection":[{"href":"https:\/\/www.automatic-security.info\/index.php?rest_route=\/wp\/v2\/posts"}],"about":[{"href":"https:\/\/www.automatic-security.info\/index.php?rest_route=\/wp\/v2\/types\/post"}],"author":[{"embeddable":true,"href":"https:\/\/www.automatic-security.info\/index.php?rest_route=\/wp\/v2\/users\/4"}],"replies":[{"embeddable":true,"href":"https:\/\/www.automatic-security.info\/index.php?rest_route=%2Fwp%2Fv2%2Fcomments&post=4053"}],"version-history":[{"count":1,"href":"https:\/\/www.automatic-security.info\/index.php?rest_route=\/wp\/v2\/posts\/4053\/revisions"}],"predecessor-version":[{"id":4054,"href":"https:\/\/www.automatic-security.info\/index.php?rest_route=\/wp\/v2\/posts\/4053\/revisions\/4054"}],"wp:featuredmedia":[{"embeddable":true,"href":"https:\/\/www.automatic-security.info\/index.php?rest_route=\/wp\/v2\/media\/4049"}],"wp:attachment":[{"href":"https:\/\/www.automatic-security.info\/index.php?rest_route=%2Fwp%2Fv2%2Fmedia&parent=4053"}],"wp:term":[{"taxonomy":"category","embeddable":true,"href":"https:\/\/www.automatic-security.info\/index.php?rest_route=%2Fwp%2Fv2%2Fcategories&post=4053"},{"taxonomy":"post_tag","embeddable":true,"href":"https:\/\/www.automatic-security.info\/index.php?rest_route=%2Fwp%2Fv2%2Ftags&post=4053"}],"curies":[{"name":"wp","href":"https:\/\/api.w.org\/{rel}","templated":true}]}}