{"id":4100,"date":"2019-08-15T12:34:49","date_gmt":"2019-08-15T11:34:49","guid":{"rendered":"http:\/\/www.automatic-security.info\/?p=4100"},"modified":"2019-08-24T22:35:56","modified_gmt":"2019-08-24T21:35:56","slug":"bemutatkozott-az-lg-uj-ultrafine-5k-kijelzoje-apple-termekekhez","status":"publish","type":"post","link":"https:\/\/www.automatic-security.info\/?p=4100","title":{"rendered":"Bemutatkozott az LG \u00faj UltraFine 5K kijelz\u0151je Apple term\u00e9kekhez"},"content":{"rendered":"<p style=\"text-align: justify;\">Az LG Electronics (LG) prezent\u00e1lta \u00faj, 27\u00a0h\u00fcvelykes UltraFineTM 5K megjelen\u00edt\u0151j\u00e9t (27\u00a0MD5KL modell), amely a c\u00e9g 24\u00a0h\u00fcvelykes UltraFine 4K kijelz\u0151\u00e9hez (24\u00a0MD4KL modell) hasonl\u00f3an olyan fels\u0151kateg\u00f3ri\u00e1s szerkenty\u0171, amit konkr\u00e9tan a legkorszer\u0171bb Apple term\u00e9kekhez terveztek.<!--more--><\/p>\n<p style=\"text-align: justify;\">Az LG UltraFine monitorai Mac vagy iPad Pro k\u00e9sz\u00fcl\u00e9kekhez \u00f6sszek\u00f6tve is kifog\u00e1stalan k\u00e9pmin\u0151s\u00e9get szolg\u00e1ltatnak. A min\u00e9l hat\u00e9konyabb m\u0171k\u00f6d\u00e9sre tervezett UltraFine 5K monitor a legkorszer\u0171bb \u00f6sszekapcsol\u00e1si lehet\u0151s\u00e9geket aj\u00e1nlja. A Thunderbolt 3\u00a0\u00e9s USB-C t\u00edpus\u00fa csatlakoz\u00f3kkal a megjelen\u00edt\u0151 ide\u00e1lis t\u00e1rsa a legfrissebb Mac laptopoknak \u00e9s asztali sz\u00e1m\u00edt\u00f3g\u00e9peknek, tov\u00e1bb\u00e1 az iPad Pro t\u00e1blag\u00e9pnek. Az LG monitor\u00e1val a felhaszn\u00e1l\u00f3k olyan multifunkcion\u00e1lis munka\u00e1llom\u00e1st alak\u00edthatnak ki, melyben a video- \u00e9s audiotartalmak, emellett adatok k\u00e9t berendez\u00e9s k\u00f6zti \u00e1tvitel\u00e9t egyetlen k\u00e1bel biztos\u00edtja. 94\u00a0wattos teljes\u00edtm\u00e9ny\u00e9vel az UltraFine 5K megjelen\u00edt\u0151 b\u00e1rmilyen USB-C kompatibilis vez\u00e9rl\u0151eszk\u00f6zt \u2013 p\u00e9ldak\u00e9nt Mac vagy iPad Pro k\u00e9sz\u00fcl\u00e9ket \u2013 k\u00e9pes t\u00f6lteni.<\/p>\n<div id=\"attachment_4095\" style=\"width: 610px\" class=\"wp-caption aligncenter\"><a href=\"http:\/\/www.automatic-security.info\/wp-content\/uploads\/2019\/08\/bemutatkozott-az-lg-uj-ultrafine-5k-monitora-apple-termekekhez.jpg\"><img aria-describedby=\"caption-attachment-4095\" loading=\"lazy\" class=\"size-full wp-image-4095\" src=\"http:\/\/www.automatic-security.info\/wp-content\/uploads\/2019\/08\/bemutatkozott-az-lg-uj-ultrafine-5k-monitora-apple-termekekhez.jpg\" alt=\"Bemutatkozott az LG \u00faj UltraFine 5K kijelz\u0151je Apple term\u00e9kekhez\" width=\"600\" height=\"314\" srcset=\"https:\/\/www.automatic-security.info\/wp-content\/uploads\/2019\/08\/bemutatkozott-az-lg-uj-ultrafine-5k-monitora-apple-termekekhez.jpg 600w, https:\/\/www.automatic-security.info\/wp-content\/uploads\/2019\/08\/bemutatkozott-az-lg-uj-ultrafine-5k-monitora-apple-termekekhez-300x157.jpg 300w, https:\/\/www.automatic-security.info\/wp-content\/uploads\/2019\/08\/bemutatkozott-az-lg-uj-ultrafine-5k-monitora-apple-termekekhez-150x79.jpg 150w\" sizes=\"(max-width: 600px) 100vw, 600px\" \/><\/a><p id=\"caption-attachment-4095\" class=\"wp-caption-text\">Bemutatkozott az LG \u00faj UltraFine 5K kijelz\u0151je Apple term\u00e9kekhez<\/p><\/div>\n<p style=\"text-align: justify;\">A lelem\u00e9nyes tervez\u0151k, fotogr\u00e1fusok \u00e9s vide\u00f3sok ig\u00e9nyeire tervezett fels\u0151kateg\u00f3ri\u00e1s, sz\u00e9les kialak\u00edt\u00e1s\u00fa kijelz\u0151 prec\u00edz k\u00e9pi r\u00e9szleteket \u00e9s sz\u00edneket jelen\u00edt meg. A P3\u00a0sz\u00ednsk\u00e1l\u00e1t lefed\u0151, 500\u00a0nites f\u00e9nyerej\u0171 k\u00e9perny\u0151n \u00e1lland\u00f3an optim\u00e1lisan jelennek meg a k\u00e9pek, mindent \u00f6sszevetve nincs sz\u00fcks\u00e9g a monitor k\u00fcl\u00f6n kalibr\u00e1l\u00e1s\u00e1ra. A 218\u00a0k\u00e9ppont\/h\u00fcvelykes k\u00e9pponts\u0171r\u0171s\u00e9gnek h\u00e1la a monitoron \u00f6sszesen 14,7\u00a0milli\u00f3 k\u00e9ppontnak jutott hely, mindent \u00f6sszevetve a fot\u00f3k, vide\u00f3k \u00e9s \u00e1br\u00e1k megjelen\u00edt\u00e9se k\u00e1pr\u00e1zatosan val\u00f3s\u00e1gos, a sz\u00f6veges tartalmak mindazon\u00e1ltal t\u0171pontosan l\u00e1that\u00f3k, ez\u00e1ltal a felhaszn\u00e1l\u00f3k t\u00f6bb ablakban \u00e9s egyidej\u0171leg t\u00f6bb eszk\u00f6zzel dolgozhatnak eredm\u00e9nyesen. Az integr\u00e1lt kamera, mikrofon \u00e9s a sztere\u00f3 hangsz\u00f3r\u00f3k a k\u00e9pi benyom\u00e1s mell\u00e9 gazdag multim\u00e9di\u00e1s k\u00f6rnyezetet biztos\u00edtanak.<\/p>\n<p style=\"text-align: justify;\">Az LG UltraFine 5K kijelz\u0151 \u00e1ll\u00edthat\u00f3 magass\u00e1g\u00e1val \u00e9s d\u00f6nthet\u0151s\u00e9g\u00e9vel gondoskodik a maxim\u00e1lis felhaszn\u00e1l\u00f3i k\u00e9nyelemr\u0151l. Mivel a monitor kompatibilis a macOS Mojave 10.14.6\u00a0\u00e9s az iOS 12.4\u00a0oper\u00e1ci\u00f3s rendszerekkel, a felhaszn\u00e1l\u00f3k k\u00f6zvetlen\u00fcl MacBook Pro k\u00e9sz\u00fcl\u00e9k\u00fck Touch Barj\u00e1r\u00f3l vagy billenty\u0171zet\u00e9r\u0151l m\u00f3dos\u00edthatj\u00e1k a f\u00e9ny- \u00e9s hangbe\u00e1ll\u00edt\u00e1sokat. A megjelen\u00edt\u0151 k\u00f6rnyezetif\u00e9ny-\u00e9rz\u00e9kel\u0151je a f\u00e9nyviszonyokat figyelembe v\u00e9ve, \u00f6nvez\u00e9relten \u00e1ll\u00edtja be a k\u00e9perny\u0151 f\u00e9nyerej\u00e9t Mac g\u00e9phez val\u00f3 csatlakoz\u00e1skor.<\/p>\n<p style=\"text-align: justify;\">A sorozat m\u00e1sik k\u00f6zkedvelt darabja, az LG UltraFine 4K kijelz\u0151 23,7\u00a0h\u00fcvelykes megjelen\u00edt\u0151je 10\u00a0sz\u00e1zal\u00e9kkal nagyobb a kor\u00e1bbi modelln\u00e9l, a felhaszn\u00e1l\u00f3k mindazon\u00e1ltal ezzel a masin\u00e1val is hasonl\u00f3an val\u00f3s\u00e1gh\u0171 sz\u00edneket, a P3\u00a0sz\u00ednsk\u00e1la eg\u00e9sz lefedetts\u00e9g\u00e9t \u00e9s 500\u00a0nites f\u00e9nyer\u0151t kapnak. A megjelen\u00edt\u0151 \u00e9rt\u00e9kes kialak\u00edt\u00e1sa \u00e9s formaterve, azonk\u00edv\u00fcl k\u00f6nnyed \u00f6sszekapcsolhat\u00f3s\u00e1ga maxim\u00e1lis szabads\u00e1got ad a felhaszn\u00e1l\u00f3knak kreativit\u00e1suk felfedez\u00e9s\u00e9re. Egy Mac g\u00e9p mell\u00e9 a Thunderbolt 3\u00a0csatlakoz\u00f3k r\u00e9v\u00e9n ak\u00e1r k\u00e9t 4K monitor is sorba kapcsolhat\u00f3.<\/p>\n<p style=\"text-align: justify;\">\u201eAz els\u0151 LG UltraFine sorozat fogadtat\u00e1sa a p\u00e1ratlan hat\u00e9konys\u00e1g \u00e9s komfort ok\u00e1n konkr\u00e9tan pozit\u00edv volt a tal\u00e1l\u00e9kony szakm\u00e1ban\u201d \u2013 mondta Jang Ik-hwan, az LG IT \u00fczlet\u00e1g\u00e1nak vezet\u0151je. \u201eA k\u00f6nnyed haszn\u00e1lat, a g\u00f6rd\u00fcl\u00e9keny integr\u00e1ci\u00f3 \u00e9s a nagyszer\u0171 kijelz\u0151min\u0151s\u00e9g teszi az LG UltraFine megjelen\u00edt\u0151ket kifog\u00e1stalan v\u00e1laszt\u00e1ss\u00e1 az Apple felhaszn\u00e1l\u00f3k r\u00e9sz\u00e9re.\u201d<\/p>\n","protected":false},"excerpt":{"rendered":"<p>Az LG Electronics (LG) prezent\u00e1lta \u00faj, 27\u00a0h\u00fcvelykes UltraFineTM 5K megjelen\u00edt\u0151j\u00e9t (27\u00a0MD5KL modell), amely a c\u00e9g 24\u00a0h\u00fcvelykes UltraFine 4K kijelz\u0151\u00e9hez (24\u00a0MD4KL modell) hasonl\u00f3an olyan fels\u0151kateg\u00f3ri\u00e1s szerkenty\u0171, amit konkr\u00e9tan a legkorszer\u0171bb Apple term\u00e9kekhez terveztek.<\/p>\n<p class=\"continue-reading-button\"> <a class=\"continue-reading-link\" href=\"https:\/\/www.automatic-security.info\/?p=4100\">tov\u00e1bb<i class=\"crycon-right-dir\"><\/i><\/a><\/p>\n","protected":false},"author":4,"featured_media":4095,"comment_status":"closed","ping_status":"closed","sticky":false,"template":"","format":"standard","meta":[],"categories":[117],"tags":[],"aioseo_notices":[],"_links":{"self":[{"href":"https:\/\/www.automatic-security.info\/index.php?rest_route=\/wp\/v2\/posts\/4100"}],"collection":[{"href":"https:\/\/www.automatic-security.info\/index.php?rest_route=\/wp\/v2\/posts"}],"about":[{"href":"https:\/\/www.automatic-security.info\/index.php?rest_route=\/wp\/v2\/types\/post"}],"author":[{"embeddable":true,"href":"https:\/\/www.automatic-security.info\/index.php?rest_route=\/wp\/v2\/users\/4"}],"replies":[{"embeddable":true,"href":"https:\/\/www.automatic-security.info\/index.php?rest_route=%2Fwp%2Fv2%2Fcomments&post=4100"}],"version-history":[{"count":1,"href":"https:\/\/www.automatic-security.info\/index.php?rest_route=\/wp\/v2\/posts\/4100\/revisions"}],"predecessor-version":[{"id":4101,"href":"https:\/\/www.automatic-security.info\/index.php?rest_route=\/wp\/v2\/posts\/4100\/revisions\/4101"}],"wp:featuredmedia":[{"embeddable":true,"href":"https:\/\/www.automatic-security.info\/index.php?rest_route=\/wp\/v2\/media\/4095"}],"wp:attachment":[{"href":"https:\/\/www.automatic-security.info\/index.php?rest_route=%2Fwp%2Fv2%2Fmedia&parent=4100"}],"wp:term":[{"taxonomy":"category","embeddable":true,"href":"https:\/\/www.automatic-security.info\/index.php?rest_route=%2Fwp%2Fv2%2Fcategories&post=4100"},{"taxonomy":"post_tag","embeddable":true,"href":"https:\/\/www.automatic-security.info\/index.php?rest_route=%2Fwp%2Fv2%2Ftags&post=4100"}],"curies":[{"name":"wp","href":"https:\/\/api.w.org\/{rel}","templated":true}]}}