{"id":4204,"date":"2020-03-24T15:43:58","date_gmt":"2020-03-24T14:43:58","guid":{"rendered":"http:\/\/www.automatic-security.info\/?p=4204"},"modified":"2020-03-20T11:44:58","modified_gmt":"2020-03-20T10:44:58","slug":"energetikai-innovacios-mintaprojekteket-tamogato-palyazatok-indulnak","status":"publish","type":"post","link":"https:\/\/www.automatic-security.info\/?p=4204","title":{"rendered":"Energetikai innov\u00e1ci\u00f3s mintaprojekteket t\u00e1mogat\u00f3 p\u00e1ly\u00e1zatok indulnak"},"content":{"rendered":"<p style=\"text-align: justify;\">Energetikai innov\u00e1ci\u00f3s mintaprojekteket t\u00e1mogat\u00f3 p\u00e1ly\u00e1zati ki\u00edr\u00e1sok publik\u00e1l\u00f3dtak, n\u00e9gy t\u00e9mak\u00f6rben, 12\u00a0milli\u00e1rd forintos keret\u00f6sszeggel \u2013 hozta nyilv\u00e1noss\u00e1gra Schanda Tam\u00e1s, az Innov\u00e1ci\u00f3s \u00e9s Technol\u00f3giai Miniszt\u00e9rium (ITM) parlamenti \u00e1llamtitk\u00e1ra Budapesten, sajt\u00f3t\u00e1j\u00e9koztat\u00f3n.<!--more--><\/p>\n<p style=\"text-align: justify;\">A p\u00e1ly\u00e1zatok p\u00e9nz\u00fcgyi forr\u00e1s\u00e1t a sz\u00e9n-dioxid kv\u00f3t\u00e1k \u00e9rt\u00e9kes\u00edt\u00e9s\u00e9b\u0151l sz\u00e1rmaz\u00f3 bev\u00e9telek kl\u00edmav\u00e9delmi c\u00e9l\u00fa felhaszn\u00e1l\u00e1s\u00e1t szolg\u00e1l\u00f3, az ITM kezel\u00e9s\u00e9ben \u00e1ll\u00f3 z\u00f6ldgazdas\u00e1g finansz\u00edroz\u00e1si rendszer biztos\u00edtja \u2013 mondta Kaderj\u00e1k P\u00e9ter, a t\u00e1rca energia- \u00e9s kl\u00edmapolitik\u00e1\u00e9rt felel\u0151s \u00e1llamtitk\u00e1ra.<\/p>\n<p style=\"text-align: justify;\">Schanda Tam\u00e1s ismertette, az els\u0151 ki\u00edr\u00e1s az energiak\u00f6z\u00f6ss\u00e9gek kialak\u00edt\u00e1s\u00e1t \u00e9s \u00fczemel\u00e9s\u00e9t t\u00e1mogat\u00f3 mintaprojektek l\u00e9trehoz\u00e1s\u00e1ra \u00f6szt\u00f6n\u00f6z 2\u00a0milli\u00e1rd forintos keret\u00f6sszeggel.<\/p>\n<p style=\"text-align: justify;\">A m\u00e1sodik ki\u00edr\u00e1sban 3\u00a0milli\u00e1rd forint \u00e1ll rendelkez\u00e9sre a vezet\u00e9kes h\u0151energia-ell\u00e1t\u00e1si rendszerrel nem ell\u00e1tott telep\u00fcl\u00e9sek energiaell\u00e1t\u00e1s\u00e1nak megold\u00e1s\u00e1ra, a f\u00f6ldg\u00e1zh\u00e1l\u00f3zatra csatlakoztatott telep\u00fcl\u00e9sek sor\u00e1n az \u00e9ves felhaszn\u00e1l\u00e1s cs\u00f6kkent\u00e9s\u00e9re.<\/p>\n<div id=\"attachment_4201\" style=\"width: 610px\" class=\"wp-caption aligncenter\"><a href=\"http:\/\/www.automatic-security.info\/wp-content\/uploads\/2020\/03\/energetikai-innovacios-mintaprojekt.jpg\"><img aria-describedby=\"caption-attachment-4201\" loading=\"lazy\" class=\"size-full wp-image-4201\" src=\"http:\/\/www.automatic-security.info\/wp-content\/uploads\/2020\/03\/energetikai-innovacios-mintaprojekt.jpg\" alt=\"Energetikai innov\u00e1ci\u00f3s mintaprojekteket t\u00e1mogat\u00f3 p\u00e1ly\u00e1zatok indulnak\" width=\"600\" height=\"399\" srcset=\"https:\/\/www.automatic-security.info\/wp-content\/uploads\/2020\/03\/energetikai-innovacios-mintaprojekt.jpg 600w, https:\/\/www.automatic-security.info\/wp-content\/uploads\/2020\/03\/energetikai-innovacios-mintaprojekt-300x200.jpg 300w, https:\/\/www.automatic-security.info\/wp-content\/uploads\/2020\/03\/energetikai-innovacios-mintaprojekt-150x100.jpg 150w\" sizes=\"(max-width: 600px) 100vw, 600px\" \/><\/a><p id=\"caption-attachment-4201\" class=\"wp-caption-text\">Energetikai innov\u00e1ci\u00f3s mintaprojekteket t\u00e1mogat\u00f3 p\u00e1ly\u00e1zatok indulnak<\/p><\/div>\n<p style=\"text-align: justify;\">A legnagyobb, 4\u00a0milli\u00e1rd forintos t\u00e1mogat\u00e1si keret olyan megold\u00e1sok tesztel\u00e9s\u00e9re jut, amelyek a karbonmentes termel\u0151k, f\u0151k\u00e9nt naper\u0151m\u0171vek rendszerbe illeszt\u00e9s\u00e9t t\u00e1mogatj\u00e1k a villamos energi\u00e1b\u00f3l g\u00e1z el\u0151\u00e1ll\u00edt\u00e1s\u00e1val.<\/p>\n<p style=\"text-align: justify;\">A negyedik, 3\u00a0milli\u00e1rd forintos ki\u00edr\u00e1s az \u00e1tviteli- \u00e9s az eloszt\u00f3h\u00e1l\u00f3zat-\u00fczemeltet\u0151ket patron\u00e1lja az \u00e1talakul\u00f3 piaci ig\u00e9nyek kiszolg\u00e1l\u00e1s\u00e1ban.<\/p>\n<p style=\"text-align: justify;\">Schanda Tam\u00e1s nyomat\u00e9kos\u00edtotta, a ki\u00edr\u00e1sok \u00f6sszese olyan energiastrat\u00e9giai c\u00e9lok megval\u00f3s\u00edt\u00e1s\u00e1t t\u00e1mogatja, mint a meg\u00fajul\u00f3, decentraliz\u00e1lt \u00e1ramtermel\u00e9s s\u00faly\u00e1nak n\u00f6vel\u00e9se, az energiaszektor z\u00f6ld\u00edt\u00e9se, orsz\u00e1gos, helyi \u00e9s telep\u00fcl\u00e9si szinten az ell\u00e1t\u00e1sbiztons\u00e1g jav\u00edt\u00e1sa, mit\u00f6bb a f\u00f6ldg\u00e1zimport cs\u00f6kkent\u00e9s\u00e9vel Magyarorsz\u00e1g energiaf\u00fcggetlens\u00e9g\u00e9nek er\u0151s\u00edt\u00e9se.<\/p>\n<p style=\"text-align: justify;\">Nem el\u0151re kiv\u00e1lasztott technol\u00f3gi\u00e1kat, hanem az adott kih\u00edv\u00e1sra legjobb v\u00e1laszt ad\u00f3 megold\u00e1sokat fogj\u00e1k t\u00e1mogatni, a p\u00e1ly\u00e1zatokat f\u00fcggetlen szak\u00e9rt\u0151kb\u0151l \u00e1ll\u00f3 bizotts\u00e1g \u00e9rt\u00e9keli ezt k\u00f6vet\u0151en \u2013 mondta az \u00e1llamtitk\u00e1r.<\/p>\n<p style=\"text-align: justify;\">A sikeresnek bizonyul\u00f3 mintaprojektek kiterjeszt\u00e9s\u00e9re v\u00e1rhat\u00f3an a k\u00e9s\u0151bbiekben nagyobb keret\u00f6sszeggel \u00fajabb p\u00e1ly\u00e1zatokat is meghirdetnek, tetej\u00e9be a t\u00e1rca az Energetikai Innov\u00e1ci\u00f3s Tan\u00e1ccsal kooper\u00e1lva \u00fajabb innov\u00e1ci\u00f3s p\u00e1ly\u00e1zatok ki\u00edr\u00e1s\u00e1t tervezi az energiastrat\u00e9giai iratokban megjel\u00f6lt ter\u00fcleteken \u2013 fejtette ki Schanda Tam\u00e1s.<\/p>\n<p style=\"text-align: justify;\">Kaderj\u00e1k P\u00e9ter kijelentette: a p\u00e1ly\u00e1zatok beny\u00fajt\u00e1s\u00e1nak hat\u00e1rideje m\u00e1jus 29-\u00e9n 12\u00a0\u00f3ra. Az elnyerhet\u0151 hozz\u00e1j\u00e1rul\u00e1s vissza nem t\u00e9r\u00edtend\u0151, ar\u00e1nya a projekt eg\u00e9sz k\u00f6lts\u00e9g\u00e9n bel\u00fcl az \u00e9rt\u00e9kel\u00e9s eset\u00e9n d\u0151l ezut\u00e1n el. V\u00e1rj\u00e1k p\u00e9ld\u00e1ul int\u00e9zm\u00e9nyek, k\u00f6zint\u00e9zm\u00e9nyek, nonprofit szervezetek, \u00f6nkorm\u00e1nyzatok p\u00e1ly\u00e1zatait.<\/p>\n<p style=\"text-align: justify;\">Az \u00e1llamtitk\u00e1r nyomat\u00e9kos\u00edtotta, a Nemzeti Kutat\u00e1si, Fejleszt\u00e9si \u00e9s Innov\u00e1ci\u00f3s Hivatallal egy\u00fcttm\u0171k\u00f6d\u00e9sben ki\u00edrt p\u00e1ly\u00e1zatok legfontosabb vez\u00e9relve az moderniz\u00e1lt megold\u00e1sok kifejleszt\u00e9s\u00e9nek \u00e9s t\u00f6meges alkalmaz\u00e1s\u00e1nak \u00f6szt\u00f6nz\u00e9se, amelyek el\u0151seg\u00edtik a hazai meg\u00fajul\u00f3 energiaforr\u00e1sok fokozott haszn\u00e1lat\u00e1t az \u00e1ramtermel\u00e9sben, amellett a helyben rendelkez\u00e9sre \u00e1ll\u00f3 meg\u00fajul\u00f3 energiaforr\u00e1sok kapcs\u00e1n.<\/p>\n<p style=\"text-align: justify;\">A p\u00e1ly\u00e1zatok ki\u00edr\u00e1sa az els\u0151 nagy l\u00e9p\u00e9st jelenti a Nemzeti Energiastrat\u00e9gia innov\u00e1ci\u00f3s fejezet\u00e9nek v\u00e9grehajt\u00e1s\u00e1ban, \u00e9s szorosan kapcsol\u00f3dik a korm\u00e1ny \u00e1ltal febru\u00e1rban meghirdetett Kl\u00edma- \u00e9s term\u00e9szetv\u00e9delmi akci\u00f3terv meg\u00fajul\u00f3energia-haszn\u00e1latot \u00f6szt\u00f6nz\u0151 pontjainak v\u00e9grehajt\u00e1s\u00e1hoz \u2013 jelezte Kaderj\u00e1k P\u00e9ter.<\/p>\n<p style=\"text-align: justify;\">Birkner Zolt\u00e1n, a Nemzeti Kutat\u00e1si, Fejleszt\u00e9si \u00e9s Innov\u00e1ci\u00f3s Hivatal eln\u00f6ke kiemelte, a koronav\u00edrus-j\u00e1rv\u00e1ny okozta neh\u00e9zs\u00e9gek ok\u00e1n maxim\u00e1lisan nyitottak \u00e9s rugalmasak lesznek az egy\u00e9ni k\u00e9r\u00e9sekkel kapcsolatban, de p\u00e1ly\u00e1zatok bead\u00e1si hat\u00e1ridej\u00e9t\u0151l nem t\u00e9rnek el, mindent \u00f6sszevetve a felgyors\u00edtott szakmai b\u00edr\u00e1lat ut\u00e1n m\u00e1r a ny\u00e1r k\u00f6zep\u00e9n-v\u00e9g\u00e9n forr\u00e1shoz juthatnak a jelentkez\u0151k.<\/p>\n<p style=\"text-align: justify;\">MTI<\/p>\n","protected":false},"excerpt":{"rendered":"<p>Energetikai innov\u00e1ci\u00f3s mintaprojekteket t\u00e1mogat\u00f3 p\u00e1ly\u00e1zati ki\u00edr\u00e1sok publik\u00e1l\u00f3dtak, n\u00e9gy t\u00e9mak\u00f6rben, 12\u00a0milli\u00e1rd forintos keret\u00f6sszeggel \u2013 hozta nyilv\u00e1noss\u00e1gra Schanda Tam\u00e1s, az Innov\u00e1ci\u00f3s \u00e9s Technol\u00f3giai Miniszt\u00e9rium (ITM) parlamenti \u00e1llamtitk\u00e1ra Budapesten, sajt\u00f3t\u00e1j\u00e9koztat\u00f3n.<\/p>\n<p class=\"continue-reading-button\"> <a class=\"continue-reading-link\" href=\"https:\/\/www.automatic-security.info\/?p=4204\">tov\u00e1bb<i class=\"crycon-right-dir\"><\/i><\/a><\/p>\n","protected":false},"author":4,"featured_media":4201,"comment_status":"closed","ping_status":"closed","sticky":false,"template":"","format":"standard","meta":[],"categories":[117],"tags":[],"aioseo_notices":[],"_links":{"self":[{"href":"https:\/\/www.automatic-security.info\/index.php?rest_route=\/wp\/v2\/posts\/4204"}],"collection":[{"href":"https:\/\/www.automatic-security.info\/index.php?rest_route=\/wp\/v2\/posts"}],"about":[{"href":"https:\/\/www.automatic-security.info\/index.php?rest_route=\/wp\/v2\/types\/post"}],"author":[{"embeddable":true,"href":"https:\/\/www.automatic-security.info\/index.php?rest_route=\/wp\/v2\/users\/4"}],"replies":[{"embeddable":true,"href":"https:\/\/www.automatic-security.info\/index.php?rest_route=%2Fwp%2Fv2%2Fcomments&post=4204"}],"version-history":[{"count":2,"href":"https:\/\/www.automatic-security.info\/index.php?rest_route=\/wp\/v2\/posts\/4204\/revisions"}],"predecessor-version":[{"id":4206,"href":"https:\/\/www.automatic-security.info\/index.php?rest_route=\/wp\/v2\/posts\/4204\/revisions\/4206"}],"wp:featuredmedia":[{"embeddable":true,"href":"https:\/\/www.automatic-security.info\/index.php?rest_route=\/wp\/v2\/media\/4201"}],"wp:attachment":[{"href":"https:\/\/www.automatic-security.info\/index.php?rest_route=%2Fwp%2Fv2%2Fmedia&parent=4204"}],"wp:term":[{"taxonomy":"category","embeddable":true,"href":"https:\/\/www.automatic-security.info\/index.php?rest_route=%2Fwp%2Fv2%2Fcategories&post=4204"},{"taxonomy":"post_tag","embeddable":true,"href":"https:\/\/www.automatic-security.info\/index.php?rest_route=%2Fwp%2Fv2%2Ftags&post=4204"}],"curies":[{"name":"wp","href":"https:\/\/api.w.org\/{rel}","templated":true}]}}