{"id":4334,"date":"2020-12-10T15:26:41","date_gmt":"2020-12-10T14:26:41","guid":{"rendered":"https:\/\/www.automatic-security.info\/?p=4334"},"modified":"2020-11-25T20:27:51","modified_gmt":"2020-11-25T19:27:51","slug":"elektromos-mobilitas-uj-dimenzioban-a-bmw-i-przentalja-a-fold-elso-elektromos-hajtassal-felszerelt-szarnyas-repuloruhajat","status":"publish","type":"post","link":"https:\/\/www.automatic-security.info\/?p=4334","title":{"rendered":"Elektromos mobilit\u00e1s \u00faj dimenzi\u00f3ban: a BMW i przent\u00e1lja a F\u00f6ld els\u0151 elektromos hajt\u00e1ssal felszerelt sz\u00e1rnyas rep\u00fcl\u0151ruh\u00e1j\u00e1t"},"content":{"rendered":"<p style=\"text-align: justify;\">A BMW i div\u00edzi\u00f3 a Designworks \u00e9s az osztr\u00e1k extr\u00e9msportol\u00f3, Peter Salzmann seg\u00e9dkez\u00e9s\u00e9vel h\u00e1rom \u00e9v alatt val\u00f3ra v\u00e1ltotta az emberek \u00e9vsz\u00e1zadok \u00f3ta d\u00e9delgetett \u00e1lm\u00e1t. Az elektromos hajt\u00e1ssal felszerelt, korszer\u0171 tervez\u00e9s\u0171 sz\u00e1rnyas rep\u00fcl\u0151ruha a #NEXTGen 2020\u00a0egyik legl\u00e1tv\u00e1nyosabb dokumentarista vide\u00f3j\u00e1ban mutatkozik be a nyilv\u00e1noss\u00e1gnak.<!--more--><\/p>\n<p style=\"text-align: justify;\">A BMW i div\u00edzi\u00f3 \u00e1ltal tervezett elektromos mobilit\u00e1s a harmadik dimenzi\u00f3t is megh\u00f3d\u00edtja. Az online megrendezend\u0151 #NEXTGen 2020\u00a0esem\u00e9nysorozat \u00e9gisze alatt a BMW Group el\u00e9nk t\u00e1rja a F\u00f6ld els\u0151 elektromos hajt\u00e1ssal felszerelt sz\u00e1rnyas rep\u00fcl\u0151ruh\u00e1j\u00e1t (Electrified Wingsuit by BMW i), amely teljesen \u00faj m\u00f3don v\u00e1ltja val\u00f3ra az emberis\u00e9g rep\u00fcl\u00e9s ir\u00e1nti \u00e9vsz\u00e1zados v\u00e1gy\u00e1t. Az moderniz\u00e1lt meghajt\u00e1st \u00e9s a modern tervez\u00e9s\u0171 sz\u00e1rnyas rep\u00fcl\u0151ruh\u00e1t a BMW i div\u00edzi\u00f3, a Designworks \u00e9s a profi osztr\u00e1k extr\u00e9msportol\u00f3, Peter Salzmann egy\u00fctt \u00e1lmodta meg, a n\u00f3vum els\u0151 rep\u00fcl\u00e9s\u00e9t mindazon\u00e1ltal k\u00e9nyesen kidolgozott kamerakoncepci\u00f3val r\u00f6gz\u00edtett\u00e9k. A elb\u0171v\u00f6l\u0151 dokumentarista vide\u00f3, amit a bajor pr\u00e9miumgy\u00e1rt\u00f3 els\u0151 \u00edzben a #NEXTGen 2020-as felvon\u00e1s\u00e1n prezent\u00e1l, lebilincsel\u0151 st\u00edlusban ismerteti, hogy a BMW eDrive hajt\u00e1sl\u00e1nc-technol\u00f3gia milyen elt\u00e9r\u0151 mobilit\u00e1si \u00e9lm\u00e9nyekre k\u00e9pes \u2013 nem kiz\u00e1r\u00f3lagosan az utakon.<\/p>\n<div id=\"attachment_4328\" style=\"width: 810px\" class=\"wp-caption aligncenter\"><a href=\"https:\/\/www.automatic-security.info\/wp-content\/uploads\/2020\/11\/elektromos-mobilitas-uj-dimenzioban-a-bmw-i-bemutatja-a-vilag-elso-elektromos-hajtassal-felszerelt-szarnyas-repuloruhajat.jpg\"><img aria-describedby=\"caption-attachment-4328\" loading=\"lazy\" class=\"size-full wp-image-4328\" src=\"https:\/\/www.automatic-security.info\/wp-content\/uploads\/2020\/11\/elektromos-mobilitas-uj-dimenzioban-a-bmw-i-bemutatja-a-vilag-elso-elektromos-hajtassal-felszerelt-szarnyas-repuloruhajat.jpg\" alt=\"Elektromos mobilit\u00e1s \u00faj dimenzi\u00f3ban: a BMW i przent\u00e1lja a F\u00f6ld els\u0151 elektromos hajt\u00e1ssal felszerelt sz\u00e1rnyas rep\u00fcl\u0151ruh\u00e1j\u00e1t\" width=\"800\" height=\"552\" srcset=\"https:\/\/www.automatic-security.info\/wp-content\/uploads\/2020\/11\/elektromos-mobilitas-uj-dimenzioban-a-bmw-i-bemutatja-a-vilag-elso-elektromos-hajtassal-felszerelt-szarnyas-repuloruhajat.jpg 800w, https:\/\/www.automatic-security.info\/wp-content\/uploads\/2020\/11\/elektromos-mobilitas-uj-dimenzioban-a-bmw-i-bemutatja-a-vilag-elso-elektromos-hajtassal-felszerelt-szarnyas-repuloruhajat-300x207.jpg 300w, https:\/\/www.automatic-security.info\/wp-content\/uploads\/2020\/11\/elektromos-mobilitas-uj-dimenzioban-a-bmw-i-bemutatja-a-vilag-elso-elektromos-hajtassal-felszerelt-szarnyas-repuloruhajat-768x530.jpg 768w, https:\/\/www.automatic-security.info\/wp-content\/uploads\/2020\/11\/elektromos-mobilitas-uj-dimenzioban-a-bmw-i-bemutatja-a-vilag-elso-elektromos-hajtassal-felszerelt-szarnyas-repuloruhajat-150x104.jpg 150w\" sizes=\"(max-width: 800px) 100vw, 800px\" \/><\/a><p id=\"caption-attachment-4328\" class=\"wp-caption-text\">Elektromos mobilit\u00e1s \u00faj dimenzi\u00f3ban: a BMW i przent\u00e1lja a F\u00f6ld els\u0151 elektromos hajt\u00e1ssal felszerelt sz\u00e1rnyas rep\u00fcl\u0151ruh\u00e1j\u00e1t<\/p><\/div>\n<p style=\"text-align: justify;\">A #NEXTGen 2020-as felvon\u00e1s\u00e1n a BMW Group nagyon sok aspektusb\u00f3l el\u00e9nk t\u00e1rja, hogy mik\u00e9nt alak\u00edtja az aut\u00f3ipar technol\u00f3giai fejl\u0151d\u00e9s\u00e9t. A korszer\u0171 kezdem\u00e9nyez\u00e9sek \u00e9s az \u00e9rt\u00e9kes elk\u00f6telez\u0151d\u00e9sek mellett a bajor pr\u00e9miumgy\u00e1rt\u00f3 szektorokon \u00e1t\u00edvel\u0151 megjelen\u00e9sekkel is k\u00e9sz\u00fcl, m\u00edg a v\u00e1llalatcsoport legfrissebb term\u00e9kei, moderniz\u00e1lt technol\u00f3giai v\u00edvm\u00e1nyai \u00e9s a saj\u00e1t mobilit\u00e1s j\u00f6v\u0151j\u00e9nek elb\u0171v\u00f6l\u0151 tanulm\u00e1nyai is reflektorf\u00e9nybe gurulnak.<\/p>\n<p style=\"text-align: justify;\">Az esem\u00e9nysorozat k\u00f6z\u00e9ppontj\u00e1ban k\u00e9ts\u00e9get kiz\u00e1r\u00f3an az elektromos mobilit\u00e1s \u00e1ll, amely t\u00e9ren a BMW Group minden k\u00e9ts\u00e9get kiz\u00e1r\u00f3an a F\u00f6ld \u00e9lvonal\u00e1ban j\u00e1r, mindenre kiterjed\u0151 technol\u00f3giafejleszt\u00e9si \u00e9s -gy\u00e1rt\u00e1si szaktud\u00e1s\u00e1nak, s\u0151t m\u00e9g az ipar\u00e1g legsz\u00e9lesebb h\u00e1l\u00f3zatr\u00f3l t\u00f6lthet\u0151 modellpalett\u00e1j\u00e1nak betudhat\u00f3an. A BMW i3\u00a0tiszt\u00e1n elektromos meghajt\u00e1s\u00fa pr\u00e9mium kompakt (\u00e1tlagos \u00fczemanyag-fogyaszt\u00e1s: 0,0\u00a0liter \/ 100\u00a0km; vegy\u00edtett energiafogyaszt\u00e1s: 13,1\u00a0kWh \/ 100\u00a0km; vegy\u00edtett k\u00e1rosanyag-kibocs\u00e1t\u00e1s: 0\u00a0gramm \/ km) 2013-as piaci bevezet\u00e9se \u00f3ta az olyan tov\u00e1bbfejlesztett alkatr\u00e9szek, ak\u00e1rcsak az elektromos motor, a vez\u00e9rl\u0151elektronika, a j\u00e1rm\u0171t\u00f6lt\u0151 modern m\u0171szaki megold\u00e1s \u00e9s a nagyfesz\u00fclts\u00e9g\u0171 akku, sz\u00e1mottev\u0151 fejl\u0151d\u00e9sen mentek \u00e1t. A BMW iX3\u00a0(\u00e1tlagos \u00fczemanyag-fogyaszt\u00e1s: 0,0\u00a0liter \/ 100\u00a0km; vegy\u00edtett energiafogyaszt\u00e1s: 17,5 \u2013 17,8\u00a0kWh \/ 100\u00a0km; vegy\u00edtett k\u00e1rosanyag-kibocs\u00e1t\u00e1s: 0\u00a0gramm \/ km) lemezei alatt m\u00e1r a BMW eDrive hajt\u00e1sl\u00e1nc-technol\u00f3gia \u00f6t\u00f6dik gener\u00e1ci\u00f3ja dolgozik, amit az t\u00f6k\u00e9letes\u00edtett energiahat\u00e9konys\u00e1g \u00e9s energias\u0171r\u0171s\u00e9g, ezenk\u00edv\u00fcl a rendhagy\u00f3an kompakt be\u00e9p\u00edthet\u0151s\u00e9g elvei alapj\u00e1n tervezt\u00e9k meg a m\u00e9rn\u00f6k\u00f6k.<\/p>\n<h3 style=\"text-align: justify;\">Kompakt hajt\u00e1srendszer, t\u00f6k\u00e9letes\u00edtett kialak\u00edt\u00e1s, zseni\u00e1lis rep\u00fcl\u00e9si inger<\/h3>\n<p style=\"text-align: justify;\">Az \u00e9vtizedes szakmai j\u00e1rtass\u00e1g \u00e9s a BMW i div\u00edzi\u00f3 \u00e1tfog\u00f3 technol\u00f3giafejleszt\u00e9si kompetenci\u00e1ja egy mer\u0151ben \u00faj, moderniz\u00e1lt ir\u00e1nyban kamatozott, melynek v\u00e9geredm\u00e9nye egy alaposan er\u0151teljes, kompakt m\u00e9ret\u0171, ezenk\u00edv\u00fcl k\u00f6nnyed hajt\u00e1s- \u00e9s energiat\u00e1rol\u00f3-rendszer, amely a BMW i \u00e1ltal tervezett sz\u00e1rnyas rep\u00fcl\u0151ruh\u00e1t fantasztikus rep\u00fcl\u00e9si \u00e9lm\u00e9nnyel v\u00e9rtezi fel. Az \u201eElectrified Wingsuit by BMW i\u201d rep\u00fcl\u00e9st seg\u00edt\u0151 egys\u00e9ge kett\u0151 darab integr\u00e1lt, sz\u00e9nsz\u00e1lb\u00f3l k\u00e9sz\u00fclt propellerb\u0151l \u00e1ll, amelyek percenk\u00e9nti megk\u00f6zel\u00edt\u0151leg 25\u00a0000\u00a0fordulatukkal egyenk\u00e9nt 7,5\u00a0kW, egy\u00fcttesen 15\u00a0kW teljes\u00edtm\u00e9ny lead\u00e1s\u00e1ra k\u00e9pesek, csaknem 5\u00a0percen \u00e1t. A hajt\u00e1srendszer \u00e9s az szint\u00e9n \u00faj tervez\u00e9s\u0171 sz\u00e1rnyas rep\u00fcl\u0151ruha kialak\u00edt\u00e1s\u00e1ban, amellett megtervez\u00e9s\u00e9ben Peter Salzmann \u00e9s a Designworks tal\u00e1l\u00e9kony csapata is k\u00f6zrem\u0171k\u00f6d\u00f6tt. A BMW Group le\u00e1nyv\u00e1llalata a kezdetekt\u0151l nagy hat\u00e1ssal van a BMW i div\u00edzi\u00f3 formanyelv\u00e9re, kreativit\u00e1s\u00e1t mindazon\u00e1ltal nem kiz\u00e1r\u00f3lagosan az aut\u00f3iparban, de internacion\u00e1lis \u00fcgyf\u00e9lh\u00e1l\u00f3zat\u00e1n \u00e1t j\u00f3 n\u00e9h\u00e1ny m\u00e1sfajta ipar\u00e1gban is kamatoztatja.<\/p>\n<p style=\"text-align: justify;\">Az elektromos hajt\u00e1ssal felszerelt sz\u00e1rnyas rep\u00fcl\u0151ruha \u00f6tlet\u00e9nek megsz\u00fclet\u00e9se \u00e9s osztr\u00e1k Alpokban megtartott premierje k\u00f6zt h\u00e1rom \u00e9v telt el. Ez id\u0151 alatt a BMW i div\u00edzi\u00f3, a Designworks \u00e9s Peter Salzmann apr\u00f3l\u00e9kosan, r\u00e9szletekbe men\u0151en dolgozta ki a koncepci\u00f3 technol\u00f3giai megold\u00e1sait. Az energiat\u00e1rol\u00f3 egys\u00e9geket is mag\u00e1ba foglal\u00f3, kett\u0151 darab propellert a sz\u00e1rnyas rep\u00fcl\u0151ruha frontr\u00e9sz\u00e9be \u00e9p\u00edtett\u00e9k be, a tesztel\u00e9shez mindazon\u00e1ltal egyed\u00fcl\u00e1ll\u00f3 helysz\u00ednt biztos\u00edtott a BMW Group M\u00fcnchenben funkcion\u00e1l\u00f3 aerodinamikai tesztk\u00f6zpontj\u00e1nak sz\u00e9lcsatorn\u00e1ja.<\/p>\n<h3 style=\"text-align: justify;\">Helikopteres ugr\u00e1s, rep\u00fcl\u00e9s a BMW eDrive hajt\u00e1sl\u00e1nc-technol\u00f3gi\u00e1val, ezut\u00e1n landol\u00e1s ejt\u0151erny\u0151vel<\/h3>\n<p style=\"text-align: justify;\">Az elektromos hajt\u00e1ssal felszerelt sz\u00e1rnyas rep\u00fcl\u0151ruha elgondol\u00e1sa Peter Salzmann fej\u00e9b\u0151l pattant ki, aki \u00faj szintre k\u00edv\u00e1nta emelni a rep\u00fcl\u00e9s \u00e9lm\u00e9ny\u00e9t. A 33\u00a0esztend\u0151s osztr\u00e1k sportol\u00f3 f\u0151k\u00e9ppen ejt\u0151erny\u0151s instruktork\u00e9nt \u00e9s rep\u00fcl\u00e9si tr\u00e9nerk\u00e9nt dolgozik, de b\u00e1zisugr\u00f3k\u00e9nt \u00e9s extr\u00e9msportol\u00f3k\u00e9nt reperto\u00e1rj\u00e1ba a filmes kaszkad\u0151rmutatv\u00e1nyok \u00e9s a megh\u00edv\u00e1sos show-fell\u00e9p\u00e9sek is beletartoznak. Amikor szikl\u00e1kr\u00f3l vagy rep\u00fcl\u0151g\u00e9pekr\u0151l ugrik le, Peter Salzmann egy textilb\u0151l k\u00e9sz\u00fclt ruh\u00e1t fesz\u00edt ki a karjai \u00e9s a l\u00e1bai k\u00f6z\u00e9, a sz\u00e1rnyas rep\u00fcl\u0151ruh\u00e1nak h\u00e1la ez\u00e1ltal szabades\u00e9s k\u00f6zben az es\u00e9si sebess\u00e9g \u00e9s a felhajt\u00f3er\u0151 egy\u00fctthat\u00f3j\u00e1t v\u00edzszintes sikl\u00f3rep\u00fcl\u00e9sre k\u00e9pes v\u00e1ltani. Egy m\u00e9ter szabades\u00e9st ez\u00e1ltal hozz\u00e1vet\u0151legesen h\u00e1rom m\u00e9ter v\u00edzszintes sikl\u00f3rep\u00fcl\u00e9sben tesz meg. A sz\u00e1rnyas rep\u00fcl\u0151ruh\u00e1ban rep\u00fcl\u0151 emberek t\u00f6bb mint 100\u00a0km\/\u00f3r\u00e1s sebess\u00e9get is k\u00e9pesek el\u00e9rni a leveg\u0151ben.<\/p>\n<p style=\"text-align: justify;\">Az elektromos hajt\u00e1s c\u00e9lja, hogy id\u0151ben \u00e9s t\u00e1vols\u00e1gban hasonl\u00f3k\u00e9ppen hosszabban tart\u00f3 sikl\u00f3rep\u00fcl\u00e9ssel fokozza a sz\u00e1rnyas rep\u00fcl\u0151ruha teljes\u00edtm\u00e9ny\u00e9t. Peter Salzmann \u00e1ll\u00edt\u00e1sa alapj\u00e1n az elektromos hajt\u00e1s bekapcsol\u00e1sakor a sz\u00e1rnyas rep\u00fcl\u0151ruha visel\u0151je azonnali gyorsul\u00e1si \u00e9lm\u00e9nyt \u00e9l kereszt\u00fcl, a v\u00e9gsebess\u00e9g mindazon\u00e1ltal a t\u00f6bb mint 300\u00a0km\/\u00f3r\u00e1t is el\u00e9rheti. Els\u0151 rep\u00fcl\u00e9s\u00e9t a sportol\u00f3 helikopterb\u0151l kiugorva, k\u00e9t t\u00e1rs\u00e1val egyes\u00fclt er\u0151vel hajtotta v\u00e9gre az osztr\u00e1k Alpok f\u00f6l\u00f6tt. Mindh\u00e1rman 3\u00a0000\u00a0m\u00e9ter tengerszintt\u0151l sz\u00e1m\u00edtott magass\u00e1gban ugrottak ki, meghat\u00e1rozott alakzatban rep\u00fclve az el\u0151re meghat\u00e1rozott hegycs\u00facsok fel\u00e9. A h\u00e1rom sportol\u00f3b\u00f3l egyed\u00fcl Peter Salzmann viselt elektromos hajt\u00e1ssal felszerelt sz\u00e1rnyas rep\u00fcl\u0151ruh\u00e1t, k\u00e9t t\u00e1rsa trad\u00edci\u00f3knak megfelel\u0151, elektromos meghajt\u00e1s n\u00e9lk\u00fcli viseletben ugrott. Az elektromos r\u00e1seg\u00edt\u00e9snek h\u00e1la Peter Salzmann sokkal gyorsabban \u00e9s lassabban s\u00fcllyedve haladt a c\u00e9l fel\u00e9, mint t\u00e1rsai, lesz\u00e1ll\u00e1s el\u0151tt mindazon\u00e1ltal plusz k\u00f6rt is k\u00e9pes volt megtenni a hegycs\u00facs k\u00f6r\u00fcl. V\u00e9g\u00fcl mindh\u00e1rman ejt\u0151erny\u0151t nyitva, ugyanazon a lesz\u00e1ll\u00f3helyen landoltak.<\/p>\n<p style=\"text-align: justify;\">A sikeres premiert k\u00f6vet\u0151en Peter Salzmann, a BMW i div\u00edzi\u00f3 tervez\u0151m\u00e9rn\u00f6kei \u00e9s a Designworks \u00f6tletes csapata m\u00e1r a F\u00f6ld els\u0151 elektromos hajt\u00e1ssal szerelt sz\u00e1rnyas rep\u00fcl\u0151ruh\u00e1j\u00e1nak tov\u00e1bbfejleszt\u00e9s\u00e9hez is hozz\u00e1l\u00e1tott. Az osztr\u00e1k extr\u00e9msportol\u00f3 meggy\u0151z\u0151d\u00e9ssel vallja, hogy a j\u00f6v\u0151t az elektromos meghajt\u00e1s\u00fa modern m\u0171szaki megold\u00e1sok alak\u00edtj\u00e1k ezut\u00e1n, amik\u00e9ppen az utakon, \u00fagy a leveg\u0151ben is. Mint mondja, az \u201eElectrified Wingsuit by BMW i\u201d egy\u00e9rtelm\u0171 bizony\u00edt\u00e9kul szolg\u00e1l arra, hogy az elektromos mobilit\u00e1s t\u00e9rnyer\u00e9s\u00e9vel m\u00e9g az ezel\u0151tt elk\u00e9pzelhetetlen eshet\u0151s\u00e9gek is val\u00f3s\u00e1gg\u00e1 v\u00e1lhatnak.<\/p>\n","protected":false},"excerpt":{"rendered":"<p>A BMW i div\u00edzi\u00f3 a Designworks \u00e9s az osztr\u00e1k extr\u00e9msportol\u00f3, Peter Salzmann seg\u00e9dkez\u00e9s\u00e9vel h\u00e1rom \u00e9v alatt val\u00f3ra v\u00e1ltotta az emberek \u00e9vsz\u00e1zadok \u00f3ta d\u00e9delgetett \u00e1lm\u00e1t. Az elektromos hajt\u00e1ssal felszerelt, korszer\u0171 tervez\u00e9s\u0171 sz\u00e1rnyas rep\u00fcl\u0151ruha a #NEXTGen 2020\u00a0egyik legl\u00e1tv\u00e1nyosabb dokumentarista vide\u00f3j\u00e1ban mutatkozik be a nyilv\u00e1noss\u00e1gnak.<\/p>\n<p class=\"continue-reading-button\"> <a class=\"continue-reading-link\" href=\"https:\/\/www.automatic-security.info\/?p=4334\">tov\u00e1bb<i class=\"crycon-right-dir\"><\/i><\/a><\/p>\n","protected":false},"author":4,"featured_media":4328,"comment_status":"closed","ping_status":"closed","sticky":false,"template":"","format":"standard","meta":[],"categories":[117],"tags":[],"aioseo_notices":[],"_links":{"self":[{"href":"https:\/\/www.automatic-security.info\/index.php?rest_route=\/wp\/v2\/posts\/4334"}],"collection":[{"href":"https:\/\/www.automatic-security.info\/index.php?rest_route=\/wp\/v2\/posts"}],"about":[{"href":"https:\/\/www.automatic-security.info\/index.php?rest_route=\/wp\/v2\/types\/post"}],"author":[{"embeddable":true,"href":"https:\/\/www.automatic-security.info\/index.php?rest_route=\/wp\/v2\/users\/4"}],"replies":[{"embeddable":true,"href":"https:\/\/www.automatic-security.info\/index.php?rest_route=%2Fwp%2Fv2%2Fcomments&post=4334"}],"version-history":[{"count":1,"href":"https:\/\/www.automatic-security.info\/index.php?rest_route=\/wp\/v2\/posts\/4334\/revisions"}],"predecessor-version":[{"id":4335,"href":"https:\/\/www.automatic-security.info\/index.php?rest_route=\/wp\/v2\/posts\/4334\/revisions\/4335"}],"wp:featuredmedia":[{"embeddable":true,"href":"https:\/\/www.automatic-security.info\/index.php?rest_route=\/wp\/v2\/media\/4328"}],"wp:attachment":[{"href":"https:\/\/www.automatic-security.info\/index.php?rest_route=%2Fwp%2Fv2%2Fmedia&parent=4334"}],"wp:term":[{"taxonomy":"category","embeddable":true,"href":"https:\/\/www.automatic-security.info\/index.php?rest_route=%2Fwp%2Fv2%2Fcategories&post=4334"},{"taxonomy":"post_tag","embeddable":true,"href":"https:\/\/www.automatic-security.info\/index.php?rest_route=%2Fwp%2Fv2%2Ftags&post=4334"}],"curies":[{"name":"wp","href":"https:\/\/api.w.org\/{rel}","templated":true}]}}