{"id":4349,"date":"2021-01-15T17:53:51","date_gmt":"2021-01-15T16:53:51","guid":{"rendered":"https:\/\/www.automatic-security.info\/?p=4349"},"modified":"2020-12-23T23:55:02","modified_gmt":"2020-12-23T22:55:02","slug":"my-bmw-app-ujgeneracios-okosalkalmazas-a-bmw-ugyfeleire-szabva","status":"publish","type":"post","link":"https:\/\/www.automatic-security.info\/?p=4349","title":{"rendered":"My BMW App: \u00fajgener\u00e1ci\u00f3s okosalkalmaz\u00e1s a BMW \u00fcgyfeleire szabva"},"content":{"rendered":"<p style=\"text-align: justify;\">Az elektromos mobilit\u00e1s t\u00e9rnyer\u00e9s\u00e9t t\u00e1mogat\u00f3 \u00e9s az \u00f6sszes r\u00e9gebbin\u00e9l \u00e1tfog\u00f3bb \u00fcgyf\u00e9l\u00e9lm\u00e9nyt \u00edg\u00e9r\u0151 szolg\u00e1ltat\u00e1sok m\u00e1ris el\u00e9rhet\u0151ek Eur\u00f3pa harminc orsz\u00e1g\u00e1ban.<\/p>\n<p style=\"text-align: justify;\"><!--more-->A BMW i Remote alkalmaz\u00e1s 2013-as bevezet\u00e9se \u00e9s a BMW Connected okostelefon-alkalmaz\u00e1s deb\u00fct\u00e1l\u00e1sa \u00f3ta a bajor pr\u00e9miumgy\u00e1rt\u00f3 fogyaszt\u00f3i gond n\u00e9lk\u00fcl \u00f6sszekapcsolhatj\u00e1k aut\u00f3jukat okostelefonjukkal. Id\u00e9n decemberben ezenk\u00edv\u00fcl egy \u00fajgener\u00e1ci\u00f3s okosalkalmaz\u00e1s is vil\u00e1gpremierj\u00e9t \u00fcnnepli Eur\u00f3pa harminc orsz\u00e1g\u00e1ban, K\u00edn\u00e1ban \u00e9s Kore\u00e1ban: a My BMW App \u00faj diz\u00e1jnnal, intuit\u00edv kezel\u0151fel\u00fclettel, k\u00f6zvetlenebb felhaszn\u00e1l\u00f3i \u00e9lm\u00e9nnyel \u00e9s elektromos mobilit\u00e1st t\u00e1mogat\u00f3 szolg\u00e1ltat\u00e1sokkal felv\u00e9rtezve fokozza a vezet\u00e9s abszol\u00fat \u00e9lm\u00e9ny\u00e9t.<\/p>\n<p style=\"text-align: justify;\">\u201eA korszer\u0171 alkalmaz\u00e1s-gener\u00e1ci\u00f3val \u00faj szintre emelj\u00fck a j\u00e1rm\u0171veink k\u00f6r\u00e9 fejlesztett digit\u00e1lis \u00fcgyf\u00e9l\u00e9lm\u00e9nyt, egyszersmind kiel\u00e9g\u00edtj\u00fck \u00fcgyfeleink digit\u00e1lis szolg\u00e1ltat\u00e1sokkal \u00e9s funkci\u00f3kkal szemben t\u00e1masztott egyre \u00e1tfog\u00f3bb ig\u00e9nyeit\u201d \u2013 mondta Peter Henrich, a BMW Group j\u00e1rm\u0171kapcsolati megold\u00e1sokat fejleszt\u0151 div\u00edzi\u00f3j\u00e1nak \u00fcgyf\u00e9lkapcsolatok\u00e9rt felel\u0151s aleln\u00f6ke. \u201eA My BMW App \u00e9s a MINI App okosalkalmaz\u00e1soknak betudhat\u00f3an k\u00f6nny\u0171szerrel integr\u00e1lhatjuk j\u00e1rm\u0171veinket \u00fcgyfeleink digit\u00e1lis \u00e9let\u00e9be. Mindk\u00e9t alkalmaz\u00e1s telis-tele van hasznos, folytonosan fejl\u0151d\u0151 tartalmakkal, amelyek megk\u00f6nny\u00edtik a j\u00e1rm\u0171vek haszn\u00e1lat\u00e1t \u00e9s seg\u00edtenek \u00e1lland\u00f3 kapcsolatban maradni vel\u00fcnk\u201d \u2013 tette hozz\u00e1.<\/p>\n<div id=\"attachment_4343\" style=\"width: 810px\" class=\"wp-caption aligncenter\"><a href=\"https:\/\/www.automatic-security.info\/wp-content\/uploads\/2020\/12\/my-bmw-app-ujgeneracios-okosalkalmazas-a-bmw-ugyfeleire-szabva.jpg\"><img aria-describedby=\"caption-attachment-4343\" loading=\"lazy\" class=\"size-full wp-image-4343\" src=\"https:\/\/www.automatic-security.info\/wp-content\/uploads\/2020\/12\/my-bmw-app-ujgeneracios-okosalkalmazas-a-bmw-ugyfeleire-szabva.jpg\" alt=\"My BMW App: \u00fajgener\u00e1ci\u00f3s okosalkalmaz\u00e1s a BMW \u00fcgyfeleire szabva\" width=\"800\" height=\"450\" srcset=\"https:\/\/www.automatic-security.info\/wp-content\/uploads\/2020\/12\/my-bmw-app-ujgeneracios-okosalkalmazas-a-bmw-ugyfeleire-szabva.jpg 800w, https:\/\/www.automatic-security.info\/wp-content\/uploads\/2020\/12\/my-bmw-app-ujgeneracios-okosalkalmazas-a-bmw-ugyfeleire-szabva-300x169.jpg 300w, https:\/\/www.automatic-security.info\/wp-content\/uploads\/2020\/12\/my-bmw-app-ujgeneracios-okosalkalmazas-a-bmw-ugyfeleire-szabva-768x432.jpg 768w, https:\/\/www.automatic-security.info\/wp-content\/uploads\/2020\/12\/my-bmw-app-ujgeneracios-okosalkalmazas-a-bmw-ugyfeleire-szabva-150x84.jpg 150w\" sizes=\"(max-width: 800px) 100vw, 800px\" \/><\/a><p id=\"caption-attachment-4343\" class=\"wp-caption-text\">My BMW App: \u00fajgener\u00e1ci\u00f3s okosalkalmaz\u00e1s a BMW \u00fcgyfeleire szabva<\/p><\/div>\n<p style=\"text-align: justify;\">Stephan Durach, a BMW Group j\u00e1rm\u0171kapcsolati megold\u00e1sokat fejleszt\u0151 div\u00edzi\u00f3j\u00e1nak technikai fejleszt\u00e9sek\u00e9rt felel\u0151s aleln\u00f6ke kijelentette m\u00e9g: \u201eA My BMW App \u00e9s a MINI App mind haszn\u00e1lhat\u00f3s\u00e1g, mind biztons\u00e1g \u00e9s megb\u00edzhat\u00f3s\u00e1g tekintet\u00e9ben \u00faj m\u00e9rc\u00e9t \u00e1ll\u00edt. A fejleszt\u00e9si folyamat eset\u00e9n kulcsfontoss\u00e1g\u00fa inform\u00e1ci\u00f3kk\u00e9nt tekintett\u00fcnk a kor\u00e1bbi alkalmaz\u00e1s-gener\u00e1ci\u00f3kkal kapcsolatos \u00fcgyf\u00e9l-visszajelz\u00e9sekre \u00e9s felhaszn\u00e1l\u00f3i szok\u00e1sokra. A k\u00e9t alkalmaz\u00e1s mindent \u00f6sszevetve h\u00edres \u00e9s gyakran haszn\u00e1lt funkci\u00f3kat egyes\u00edt, m\u00edg a modern platform arra is es\u00e9lyt k\u00edn\u00e1l, hogy \u00fcgyfeleink ig\u00e9nyeihez igazodva permanensen \u00faj funkci\u00f3kkal b\u0151v\u00edts\u00fck a portf\u00f3li\u00f3t.\u201d<\/p>\n<h3 style=\"text-align: justify;\">A My BMW App f\u0151bb tulajdons\u00e1gai<\/h3>\n<p style=\"text-align: justify;\">A My BMW App a csatlakoztatott BMW modell \u00faj \u00e1ltal\u00e1nos felhaszn\u00e1l\u00f3i fel\u00fcletek\u00e9nt kezelhet\u0151. Az alkalmaz\u00e1s a g\u00e9pkocsi minden aktu\u00e1lis \u00e1llapot\u00e1t k\u00e9pes megmutatni \u00e9s \u2013 a felszerelts\u00e9gi szintt\u0151l f\u00fcgg\u0151en \u2013 j\u00f3 n\u00e9h\u00e1ny t\u00e1volr\u00f3l vez\u00e9relhet\u0151 szolg\u00e1ltat\u00e1shoz \u2013 mindent \u00f6sszevetve p\u00e9ldak\u00e9nt a j\u00e1rm\u0171 prec\u00edz hely\u00e9nek meghat\u00e1roz\u00e1s\u00e1hoz, az ajt\u00f3z\u00e1rak m\u0171k\u00f6dtet\u00e9s\u00e9hez vagy a g\u00e9pkocsi k\u00f6zvetlen k\u00f6rnyezet\u00e9nek \u00e9l\u0151 lek\u00e9pez\u00e9s\u00e9hez (Remote 3D View szerepk\u00f6r) \u2013 hozz\u00e1f\u00e9r\u00e9st enged.<\/p>\n<p style=\"text-align: justify;\">Az integr\u00e1lt \u00fatic\u00e9l-keres\u0151 szerepk\u00f6rnek betudhat\u00f3an minden egyes utaz\u00e1s j\u00e1tszi k\u00f6nnyeds\u00e9ggel indul, a kiv\u00e1lasztott \u00fati c\u00e9l ezenk\u00edv\u00fcl az alkalmaz\u00e1sb\u00f3l \u2013 vagy ak\u00e1r egy harmadik alkalmaz\u00e1sb\u00f3l \u2013 k\u00f6zvetlen\u00fcl a g\u00e9pj\u00e1rm\u0171 k\u00f6zponti navig\u00e1ci\u00f3s rendszer\u00e9be k\u00fcldhet\u0151. A navig\u00e1ci\u00f3s rendszer t\u00e9rk\u00e9pe az adott forgalmi szitu\u00e1ci\u00f3kat, a tervezett \u00fatvonal ment\u00e9n van benzinkutakat, j\u00e1rm\u0171t\u00f6lt\u0151 \u00e1llom\u00e1sokat \u00e9s parkol\u00e1si lehet\u0151s\u00e9geket is mutatja.<\/p>\n<p style=\"text-align: justify;\">A My BMW App sz\u00fcntelen \u00e9rtes\u00edti a bajor pr\u00e9miumgy\u00e1rt\u00f3 kuncsaft\u00e9t a t\u00e1volr\u00f3l is feltelep\u00edthet\u0151, aktu\u00e1lisan el\u00e9rhet\u0151 rendszeres szoftverfriss\u00edt\u00e9sekr\u0151l (Remote Software Upgrades), amelyeket a g\u00e9pkocsi k\u00f6zponti oper\u00e1ci\u00f3s rendszer\u00e9be t\u00f6rt\u00e9n\u0151 k\u00f6nnyed feltelep\u00edt\u00e9sek \u00e9rdek\u00e9ben m\u00e9g otthon let\u00f6lthet\u0151 \u00e1llapotban biztos\u00edt fel. A t\u00e1volr\u00f3l is feltelep\u00edthet\u0151 rendszeres szoftverfriss\u00edt\u00e9seknek (Remote Software Upgrades) h\u00e1la a BMW Group a k\u00f6zponti oper\u00e1ci\u00f3s rendszer legfrissebb, 7.0\u00a0verzi\u00f3j\u00e1nak leg\u00fajabb \u00e9s legfejlettebb digit\u00e1lis szolg\u00e1ltat\u00e1sait teszi el\u00e9rhet\u0151v\u00e9 kuncsaftjai r\u00e9sz\u00e9re, \u00f6r\u00f6k\u00f6sen garant\u00e1lva a szoftverek naprak\u00e9szs\u00e9g\u00e9t.<\/p>\n<p style=\"text-align: justify;\">A BMW Digital Key digit\u00e1lis kulcs \u2013 amely slusszkulccs\u00e1 var\u00e1zsolja a BMW kuncsaft\u00e9nek Apple iPhone okostelefonj\u00e1t \u2013 funkci\u00f3i j\u00e1tszi k\u00f6nnyeds\u00e9ggel, mind\u00f6ssze egy-k\u00e9t l\u00e9p\u00e9sben be\u00e1ll\u00edthat\u00f3k \u00e9s szem\u00e9lyre szabhat\u00f3k a My BMW App okosalkalmaz\u00e1son \u00e1t (a modern m\u0171szaki megold\u00e1s haszn\u00e1lat\u00e1hoz elengedhetetlen hardverrel a g\u00e9pkocsinak rendelkeznie kell). A csatlakoztatott BMW modell ezt k\u00f6vet\u0151en fizikai kulcs n\u00e9lk\u00fcl, okostelefonr\u00f3l vez\u00e9relve hasznavehet\u0151, a szerepk\u00f6r mindazon\u00e1ltal ak\u00e1r \u00f6t felhaszn\u00e1l\u00f3val is megoszthat\u00f3. A megosztott felhaszn\u00e1l\u00f3khoz ezenk\u00edv\u00fcl elt\u00e9r\u0151 haszn\u00e1lati jogosults\u00e1gok rendelhet\u0151k, ez\u00e1ltal p\u00e9ld\u00e1ul az is be\u00e1ll\u00edthat\u00f3, hogy a kezd\u0151 sof\u0151r\u00f6k csak korl\u00e1tozott sebess\u00e9ggel k\u00f6zlekedhessenek a g\u00e9pj\u00e1rm\u0171vel.<\/p>\n<p style=\"text-align: justify;\">A My BMW App okosalkalmaz\u00e1snak h\u00e1la a BMW k\u00f6zponti oper\u00e1ci\u00f3s rendszer\u00e9nek legkorszer\u0171bb, 7.0\u00a0verzi\u00f3j\u00e1val felszerelt BMW modellekben az Amazon Alexa is el\u00e9rhet\u0151v\u00e9 v\u00e1lik. Miut\u00e1n a bajor pr\u00e9miumm\u00e1rka kuncsaftja egyszer \u00f6sszekapcsolta aut\u00f3j\u00e1val Amazon fi\u00f3kj\u00e1t, a szerepk\u00f6r aktiv\u00e1l\u00e1s\u00e1hoz mind\u00f6ssze hangutas\u00edt\u00e1sba kell adnia az \u201eAlexa\u201d kulcssz\u00f3t, vagy gombnyom\u00e1ssal \u00e9letre keltenie azt. Az \u00fcgyfelek tov\u00e1bbiakban hangutas\u00edt\u00e1ssal ind\u00edthatj\u00e1k el a zenelej\u00e1tsz\u00e1st \u00e9s a legfrissebb h\u00edrek felolvas\u00e1s\u00e1t, vez\u00e9relhetik az okosotthon kompatibilis funkci\u00f3it \u00e9s t\u00f6bb ezer opci\u00f3hoz f\u00e9rhetnek hozz\u00e1. Alexa eleinte N\u00e9metorsz\u00e1gban, Ausztri\u00e1ban, Spanyolorsz\u00e1gban, Olaszorsz\u00e1gban \u00e9s Nagy-Britanni\u00e1ban v\u00e1lik el\u00e9rhet\u0151v\u00e9, ezt k\u00f6vet\u0151en 2021\u00a0m\u00e1rcius\u00e1t\u00f3l j\u00f3 n\u00e9h\u00e1ny m\u00e1s orsz\u00e1gban is megjelenik.<\/p>\n<p style=\"text-align: justify;\">A My BMW App a h\u00e1l\u00f3zatr\u00f3l t\u00f6lthet\u0151 BMW modellek tulajdonosai r\u00e9sz\u00e9re \u00faj, t\u00edpus-specifikus szolg\u00e1ltat\u00e1sokat tartogat. A bajor pr\u00e9miumm\u00e1rka haszn\u00e1l\u00f3i moderniz\u00e1lt fel\u00fcleten tekinthetik kereszt\u00fcl a g\u00e9pj\u00e1rm\u0171 egyetlen felt\u00f6lt\u00e9ssel megtehet\u0151 tiszt\u00e1n elektromos hat\u00f3t\u00e1vols\u00e1g\u00e1t, a j\u00e1rm\u0171t\u00f6lt\u00e9s aktu\u00e1lis \u00e1llapot\u00e1t \u00e9s a j\u00e1rm\u0171t\u00f6lt\u00e9s t\u00f6rt\u00e9net\u00e9t. Az alkalmaz\u00e1s j\u00e1rm\u0171t\u00f6lt\u00e9s- \u00e9s l\u00e9gkondicion\u00e1l\u00f3-id\u0151z\u00edt\u0151 m\u0171k\u00f6d\u00e9sbeli saj\u00e1ts\u00e1gainak h\u00e1la az \u00fcgyfelek az el\u0151re meghat\u00e1rozott id\u0151s\u00e1vok \u00e9s indul\u00e1si id\u0151pontok megjel\u00f6l\u00e9s\u00e9vel optimaliz\u00e1lhatj\u00e1k a j\u00e1rm\u0171t\u00f6lt\u00e9s folyamat\u00e1t. S\u0151t mi t\u00f6bb, a nagyobb komfort \u00e9rdek\u00e9ben a BMW modell az indul\u00e1s tervezett idej\u00e9re kellemes h\u0151m\u00e9rs\u00e9klet\u0171re is h\u0171thet\u0151 vagy f\u0171thet\u0151.<\/p>\n<p style=\"text-align: justify;\">A BMW Points bevezet\u00e9s\u00e9vel a plug-in hibrid hajt\u00e1sl\u00e1nc-technol\u00f3gi\u00e1val szerelt modellt vezet\u0151 BMW-\u00fcgyfelek minden megtett z\u00e9r\u00f3 emisszi\u00f3j\u00fa kilom\u00e9ter\u00e9rt jutalompontokat kapnak, ezut\u00e1n az ilyen form\u00e1ban \u00f6sszegy\u0171jt\u00f6tt pontokat a BMW Charging h\u00e1l\u00f3zat\u00e1n \u00e1t d\u00edjmentes j\u00e1rm\u0171t\u00f6lt\u00e9sre v\u00e1lthatj\u00e1k. A My BMW App okosalkalmaz\u00e1son \u00e1t a bajor pr\u00e9miumm\u00e1rka kliensei k\u00f6nny\u0171szerrel \u00e1ttekinthetik \u00e9s rendszerezhetik pontjaikat. A BMW Points jutalomrendszer egyel\u0151re Belgiumban, N\u00e9metorsz\u00e1gban, Franciaorsz\u00e1gban, Ausztri\u00e1ban, Hollandi\u00e1ban \u00e9s Sv\u00e1jcban v\u00e1lik hozz\u00e1f\u00e9rhet\u0151v\u00e9.<\/p>\n<p style=\"text-align: justify;\">Szem\u00e9lyre szabhat\u00f3s\u00e1g: miut\u00e1n a BMW kuncsaftja egyszer megval\u00f3s\u00edtotta saj\u00e1tos BMW ID fi\u00f3kj\u00e1t, a saj\u00e1t preferenci\u00e1ihoz igaz\u00edtott j\u00e1rm\u0171be\u00e1ll\u00edt\u00e1sok b\u00e1rmelyik aktu\u00e1lis BMW modellben sz\u00e9lsebesen \u00e9s \u00f6nvez\u00e9relten aktiv\u00e1lhat\u00f3k. A My BMW App okosalkalmaz\u00e1snak betudhat\u00f3an a bel\u00e9p\u00e9s az \u00f6sszes r\u00e9gebbin\u00e9l egyszer\u0171bb: a felhaszn\u00e1l\u00f3n\u00e9v \u00e9s a jelsz\u00f3 manu\u00e1lis be\u00edr\u00e1sa helyett az \u00fcgyfeleknek elegend\u0151 beszkennelni\u00fck egy QR k\u00f3dot, \u00e9s az adott BMW modell m\u00e1ris aktiv\u00e1lja priv\u00e1t be\u00e1ll\u00edt\u00e1saikat. Az alkalmaz\u00e1sban a felhaszn\u00e1l\u00f3k saj\u00e1tos profilk\u00e9pet is be\u00e1ll\u00edthatnak, amit a BMW k\u00f6zponti oper\u00e1ci\u00f3s rendszere is \u00f6nm\u0171k\u00f6d\u0151en \u00e1temel.<\/p>\n<p style=\"text-align: justify;\">A My BMW App k\u00f6zvetlen \u00f6sszek\u00f6ttet\u00e9st hoz l\u00e9tre a BMW vil\u00e1g\u00e1val \u00e9s hivatalos szervizpartnereivel, akik ez\u00e1ltal megszak\u00edt\u00e1s n\u00e9lk\u00fcl nyomon tudj\u00e1k k\u00f6vetni a g\u00e9pkocsi szervizig\u00e9nyeit. Sz\u00fcks\u00e9g sor\u00e1n az alkalmaz\u00e1s k\u00f6zvetlen szervizid\u0151pont-foglal\u00e1st is lehet\u0151v\u00e9 tesz, hirtelen felmer\u00fcl\u0151 probl\u00e9ma sor\u00e1n mindazon\u00e1ltal a BMW Roadside Assistance is k\u00e9zn\u00e9l van. Ut\u00f3bbi esetben, ha a bajor pr\u00e9miumgy\u00e1rt\u00f3 kuncsaftja enged\u00e9lyt ad r\u00e1, a szervizpartner munkat\u00e1rsai egyb\u0151l, a t\u00e1volb\u00f3l pr\u00f3b\u00e1lhatj\u00e1k meg orvosolni a probl\u00e9m\u00e1t. Ha nem j\u00e1rnak sikerrel, a partner a helysz\u00ednre \u00e9rkez\u0151 szervizaut\u00f3 \u00e1llapot\u00e1t is nyomon k\u00f6vetheti az alkalmaz\u00e1son \u00e1t. A My BMW App a BMW ConnectedDrive Store \u00e9s a BMW Online Shop alkalmaz\u00e1sokhoz is ergonomikus hozz\u00e1f\u00e9r\u00e9st aj\u00e1nl.<\/p>\n<p style=\"text-align: justify;\">A korszer\u0171 alkalmaz\u00e1s-gener\u00e1ci\u00f3 d\u00edjmentesen let\u00f6lthet\u0151 a Google Play \u00c1ruh\u00e1zb\u00f3l \u00e9s az Apple App Store-b\u00f3l. 2021\u00a0k\u00f6zep\u00e9t\u0151l a My BMW App t\u00f6bb mint negyven orsz\u00e1gban \u00e1ll rendelkez\u00e9sre \u2013 p\u00e9ld\u00e1ul az Egyes\u00fclt \u00c1llamokban, Kanad\u00e1ban, Braz\u00edli\u00e1ban, Mexik\u00f3ban \u00e9s D\u00e9lkelet-\u00c1zsia t\u00f6bb orsz\u00e1g\u00e1ban is \u2013, huszonh\u00e1rom nyelven.<\/p>\n","protected":false},"excerpt":{"rendered":"<p>Az elektromos mobilit\u00e1s t\u00e9rnyer\u00e9s\u00e9t t\u00e1mogat\u00f3 \u00e9s az \u00f6sszes r\u00e9gebbin\u00e9l \u00e1tfog\u00f3bb \u00fcgyf\u00e9l\u00e9lm\u00e9nyt \u00edg\u00e9r\u0151 szolg\u00e1ltat\u00e1sok m\u00e1ris el\u00e9rhet\u0151ek Eur\u00f3pa harminc orsz\u00e1g\u00e1ban.<\/p>\n<p class=\"continue-reading-button\"> <a class=\"continue-reading-link\" href=\"https:\/\/www.automatic-security.info\/?p=4349\">tov\u00e1bb<i class=\"crycon-right-dir\"><\/i><\/a><\/p>\n","protected":false},"author":4,"featured_media":4343,"comment_status":"closed","ping_status":"closed","sticky":false,"template":"","format":"standard","meta":[],"categories":[117],"tags":[],"aioseo_notices":[],"_links":{"self":[{"href":"https:\/\/www.automatic-security.info\/index.php?rest_route=\/wp\/v2\/posts\/4349"}],"collection":[{"href":"https:\/\/www.automatic-security.info\/index.php?rest_route=\/wp\/v2\/posts"}],"about":[{"href":"https:\/\/www.automatic-security.info\/index.php?rest_route=\/wp\/v2\/types\/post"}],"author":[{"embeddable":true,"href":"https:\/\/www.automatic-security.info\/index.php?rest_route=\/wp\/v2\/users\/4"}],"replies":[{"embeddable":true,"href":"https:\/\/www.automatic-security.info\/index.php?rest_route=%2Fwp%2Fv2%2Fcomments&post=4349"}],"version-history":[{"count":1,"href":"https:\/\/www.automatic-security.info\/index.php?rest_route=\/wp\/v2\/posts\/4349\/revisions"}],"predecessor-version":[{"id":4350,"href":"https:\/\/www.automatic-security.info\/index.php?rest_route=\/wp\/v2\/posts\/4349\/revisions\/4350"}],"wp:featuredmedia":[{"embeddable":true,"href":"https:\/\/www.automatic-security.info\/index.php?rest_route=\/wp\/v2\/media\/4343"}],"wp:attachment":[{"href":"https:\/\/www.automatic-security.info\/index.php?rest_route=%2Fwp%2Fv2%2Fmedia&parent=4349"}],"wp:term":[{"taxonomy":"category","embeddable":true,"href":"https:\/\/www.automatic-security.info\/index.php?rest_route=%2Fwp%2Fv2%2Fcategories&post=4349"},{"taxonomy":"post_tag","embeddable":true,"href":"https:\/\/www.automatic-security.info\/index.php?rest_route=%2Fwp%2Fv2%2Ftags&post=4349"}],"curies":[{"name":"wp","href":"https:\/\/api.w.org\/{rel}","templated":true}]}}