{"id":4446,"date":"2021-06-04T16:49:00","date_gmt":"2021-06-04T15:49:00","guid":{"rendered":"https:\/\/www.automatic-security.info\/?p=4446"},"modified":"2021-05-19T16:50:52","modified_gmt":"2021-05-19T15:50:52","slug":"a-samsung-bespoke-keszulekeibol-epul-fel-a-jovo-konyhaja","status":"publish","type":"post","link":"https:\/\/www.automatic-security.info\/?p=4446","title":{"rendered":"A Samsung Bespoke k\u00e9sz\u00fcl\u00e9keib\u0151l \u00e9p\u00fcl fel a j\u00f6v\u0151 konyh\u00e1ja"},"content":{"rendered":"\n<p>A Samsung a Bespoke Home 2021&nbsp;online esem\u00e9nyen mutatta be v\u00edzi\u00f3j\u00e1t a j\u00f6v\u0151 h\u00e1ztart\u00e1s\u00e1r\u00f3l. A bemutat\u00f3n a c\u00e9g Bespoke berendez\u00e9sei is bemutatkoztak, amelyek k\u00f6z\u00fcl a Bespoke h\u0171t\u0151szekr\u00e9ny most el\u0151sz\u00f6r v\u00e1lik el\u00e9rhet\u0151v\u00e9 Magyarorsz\u00e1gon. A modern g\u00e9pezetek sokoldal\u00faak, kialak\u00edt\u00e1suk szem\u00e9lyre szabhat\u00f3 \u00e9s hozz\u00e1j\u00e1rulnak a felhaszn\u00e1l\u00f3k csatlakoztatott \u00e9letm\u00f3dj\u00e1hoz.<\/p>\n\n\n\n<p>A Samsung Bespoke h\u0171t\u0151szekr\u00e9nyek hazai bemutat\u00e1s\u00e1val a t\u00e1rsas\u00e1g \u00faj term\u00e9kkateg\u00f3ri\u00e1t hoz el a h\u00e1ztart\u00e1si berendez\u00e9sek piac\u00e1ra. Az konyhai masin\u00e1k mellett olyan otthoni szolg\u00e1ltat\u00e1sok \u00e9s IoT megold\u00e1sok is \u00e9rkeznek, amelyekkel a h\u00e1ztart\u00e1s komfortosabb, higi\u00e9nikusabb \u00e9s legink\u00e1bb szem\u00e9lyre szabott lehet. A Bespoke h\u0171t\u0151k nem kiz\u00e1r\u00f3lag teljes\u00edtm\u00e9ny\u00fckkel, hanem rendhagy\u00f3 sz\u00ednvil\u00e1gukkal is kit\u0171nnek a konyh\u00e1k \u00e1tlagos berendez\u00e9si eszk\u00f6zei k\u00f6z\u00fcl. A jellegzetes pasztell\u00e1rnyalatokban \u00e9rkez\u0151 kieg\u00e9sz\u00edt\u0151kkel a felhaszn\u00e1l\u00f3k maguk tervezhetik meg a h\u0171t\u0151t \u00fagy, hogy az illeszkedjen a lak\u00f3hely bels\u0151 ter\u00e9hez.<\/p>\n\n\n\n<figure class=\"wp-block-image size-large\"><a href=\"https:\/\/www.automatic-security.info\/wp-content\/uploads\/2021\/05\/a-samsung-bespoke-keszulekeibol-epul-fel-a-jovo-konyhaja.jpg\"><img loading=\"lazy\" width=\"800\" height=\"534\" src=\"https:\/\/www.automatic-security.info\/wp-content\/uploads\/2021\/05\/a-samsung-bespoke-keszulekeibol-epul-fel-a-jovo-konyhaja.jpg\" alt=\"A Samsung Bespoke k\u00e9sz\u00fcl\u00e9keib\u0151l \u00e9p\u00fcl fel a j\u00f6v\u0151 konyh\u00e1ja\" class=\"wp-image-4441\" srcset=\"https:\/\/www.automatic-security.info\/wp-content\/uploads\/2021\/05\/a-samsung-bespoke-keszulekeibol-epul-fel-a-jovo-konyhaja.jpg 800w, https:\/\/www.automatic-security.info\/wp-content\/uploads\/2021\/05\/a-samsung-bespoke-keszulekeibol-epul-fel-a-jovo-konyhaja-300x200.jpg 300w, https:\/\/www.automatic-security.info\/wp-content\/uploads\/2021\/05\/a-samsung-bespoke-keszulekeibol-epul-fel-a-jovo-konyhaja-768x513.jpg 768w, https:\/\/www.automatic-security.info\/wp-content\/uploads\/2021\/05\/a-samsung-bespoke-keszulekeibol-epul-fel-a-jovo-konyhaja-150x100.jpg 150w, https:\/\/www.automatic-security.info\/wp-content\/uploads\/2021\/05\/a-samsung-bespoke-keszulekeibol-epul-fel-a-jovo-konyhaja-600x400.jpg 600w\" sizes=\"(max-width: 800px) 100vw, 800px\" \/><\/a><figcaption>A Samsung Bespoke k\u00e9sz\u00fcl\u00e9keib\u0151l \u00e9p\u00fcl fel a j\u00f6v\u0151 konyh\u00e1ja<\/figcaption><\/figure>\n\n\n\n<p>\u201eJelent\u0151s boldogs\u00e1g sz\u00e1munkra, hogy id\u00e9n v\u00e9gre Magyarorsz\u00e1gra is meg\u00e9rkeznek az otthoni lifestyle term\u00e9keink, mindent \u00f6sszevetve a hazai felhaszn\u00e1l\u00f3k is \u00faj szintre emelhetik a lak\u00f3hely\u00fck k\u00e9nyelm\u00e9t \u2013 hangoztatta R\u00f3zsa M\u00e1rton, a Samsung Magyarorsz\u00e1g v\u00e1s\u00e1rl\u00f3i elektronikai \u00fczlet\u00e1g\u00e1nak igazgat\u00f3ja. \u2013 A t\u00e1rsas\u00e1g c\u00e9lja, hogy multifunkcion\u00e1lisan hasznavehet\u0151 term\u00e9keket alkosson, amelyek kialak\u00edt\u00e1sa a felhaszn\u00e1l\u00f3k \u00e9letm\u00f3dj\u00e1hoz igaz\u00edthat\u00f3 \u00e9s ez\u00e1ltal sokf\u00e9le \u00e9lethelyzetben lehetnek az emberek seg\u00edts\u00e9g\u00e9re.\u201d<\/p>\n\n\n\n<h4>Egy h\u0171t\u0151, csak neked<\/h4>\n\n\n\n<p>A Samsung Bespoke Konyh\u00e1j\u00e1nak els\u0151 darabja, a Bespoke h\u0171t\u0151szekr\u00e9ny Magyarorsz\u00e1gra is meg\u00e9rkezik. Az mutat\u00f3s, cicoma mentes kialak\u00edt\u00e1s\u00fa konstrukci\u00f3 cser\u00e9lhet\u0151 ajt\u00f3lapj\u00e1val \u00e9s egyedileg form\u00e1lhat\u00f3 bels\u0151 rekeszeivel sokf\u00e9lek\u00e9ppen hasznavehet\u0151 \u00e9s a legt\u00f6bb helyis\u00e9g berendez\u00e9s\u00e9hez hozz\u00e1igaz\u00edthat\u00f3 a megjelen\u00e9se.<\/p>\n\n\n\n<p>A haz\u00e1nkban szint\u00e9n rendelkez\u00e9sre \u00e1ll, alulfagyaszt\u00f3s Bespoke modellek k\u00fcl\u00f6nleges t\u00e1rol\u00f3kapacit\u00e1st, h\u0171t\u00e9si teljes\u00edtm\u00e9nyt \u00e9s ergonomikus haszn\u00e1latot biztos\u00edtanak, m\u00edg k\u00edv\u00fcl \u00e9s bel\u00fcl hasonl\u00f3k\u00e9ppen szem\u00e9lyre szabhat\u00f3k. Ha a felhaszn\u00e1l\u00f3k \u00e1trendezn\u00e9k vagy \u00e1tfesten\u00e9k a lak\u00f3helyet, esetleg k\u00f6lt\u00f6zn\u00e9nek, a Bespoke egyszer\u0171en a korszer\u0171 k\u00f6rnyezethez form\u00e1lhat\u00f3 a panelek cser\u00e9j\u00e9vel, legyen sz\u00f3 m\u00e1sik \u00e1rnyalatr\u00f3l, vagy ak\u00e1r \u00faj anyagr\u00f3l \u00e9s megmunk\u00e1l\u00e1sr\u00f3l. A hazai felhaszn\u00e1l\u00f3k az ajt\u00f3k k\u00f6zt szok\u00e1soknak megfelel\u0151 \u00e9s modernebb, term\u00e9szetes hat\u00e1s\u00fa megold\u00e1sok k\u00f6z\u00fcl is v\u00e1laszthatnak. A k\u00edn\u00e1latban megjelenik az \u00fcvegb\u0151l k\u00e9sz\u00fclt Tiszta fekete \u00e9s Tiszta feh\u00e9r, a terrakotta Kr\u00e9m b\u00e9zs \u00e9s Kr\u00e9m \u00e9gsz\u00ednk\u00e9k, tov\u00e1bb\u00e1 az id\u0151t\u00e1ll\u00f3, rozsdamentes ac\u00e9lbor\u00edt\u00e1s\u00fa Kifinomult inox sz\u00edn is A panelek cser\u00e9j\u00e9t a Samsung saj\u00e1t szakszervizei k\u00f6lts\u00e9gmentesen elv\u00e9gzik, ehhez el\u00e9g az elem megv\u00e1s\u00e1rl\u00e1sa ut\u00e1n az \u00fcgyf\u00e9lszolg\u00e1latn\u00e1l bejelent\u00e9st tenni.<\/p>\n\n\n\n<p>A k\u00fcls\u0151 formavil\u00e1g mellett a Bespoke modellek bels\u0151 elrendez\u00e9se is k\u00e9nyelmesen \u00e1talak\u00edthat\u00f3, hogy a felhaszn\u00e1l\u00f3knak legink\u00e1bb helyes legyen a kapacit\u00e1s eloszt\u00e1sa. Az olyan elemeknek betudhat\u00f3an, mint az \u00e1tlagosn\u00e1l sz\u00e9lesebb, t\u00f6bbfunkci\u00f3s Rack &amp; ShelfTM t\u00e1rol\u00f3 vagy a 2&nbsp;L\u00e9p\u00e9ses \u00f6sszehajthat\u00f3 polc, minden \u00e9lelmiszernek optim\u00e1lis hely jut a h\u0171t\u0151ben. A SpaceMaxTM korszer\u0171 m\u0171szaki megold\u00e1snak betudhat\u00f3an a szok\u00e1sosn\u00e1l t\u00f6bb hely \u00e1ll rendelkez\u00e9sre a h\u0171t\u0151szekr\u00e9nyben, m\u00edg a m\u00e9rete pomp\u00e1san illeszkedik a legt\u00f6bb konyhab\u00fator\u00e9hoz.<\/p>\n\n\n\n<p>A Bespoke sz\u00e9ria teljes\u00edtm\u00e9ny\u00e9t olyan modern m\u0171szaki megold\u00e1sok t\u00e1mogatj\u00e1k, amelyekkel a felhaszn\u00e1l\u00f3k szabadon form\u00e1lhatj\u00e1k az elrendez\u00e9st \u00e9s k\u00f6zben minden ennival\u00f3t frissen tarthatnak. A h\u0171t\u0151k No Frost technol\u00f3gi\u00e1ja g\u00e1tolja jegesed\u00e9st, mindent \u00f6sszevetve nem l\u00e9tfontoss\u00e1g\u00fa leolvasztani \u0151ket. Az \u00f6sszes k\u00e9sz\u00fcl\u00e9kben el\u00e9rhet\u0151 a Humidity Fresh+ egys\u00e9g, melynek p\u00e1ratartalma szab\u00e1lyozhat\u00f3, hogy ide\u00e1lis k\u00f6rnyezetet teremtsen a z\u00f6lds\u00e9geknek \u00e9s gy\u00fcm\u00f6lcs\u00f6knek. Az Optimal Fresh+ rekesz egy nagy fi\u00f3kk\u00e9nt is hasznavehet\u0151, de kett\u00e9 is v\u00e1laszthat\u00f3, ilyenkor a felhaszn\u00e1l\u00f3k k\u00e9t h\u0151m\u00e9rs\u00e9klet k\u00f6z\u00fcl v\u00e1laszthatnak. Az egyikkel a h\u00fas \u00e9s a halak ak\u00e1r egy h\u00e9tig is frissen tarthat\u00f3ak fagyaszt\u00e1s n\u00e9lk\u00fcl, a m\u00e1sik be\u00e1ll\u00edt\u00e1s mindazon\u00e1ltal ide\u00e1lis a z\u00f6lds\u00e9gekhez \u00e9s gy\u00fcm\u00f6lcs\u00f6kh\u00f6z.<\/p>\n\n\n\n<p>A sz\u00e1mottev\u0151 teljes\u00edtm\u00e9ny\u00e9rt a Samsung megism\u00e9telhetetlen Digit\u00e1lis Inverteres Kompresszora felel, aminek betudhat\u00f3an a h\u0171t\u0151 magasabb energiahat\u00e9konys\u00e1ggal \u00e9s halkabban \u00fczemel. A felhaszn\u00e1l\u00f3k otthona csendes marad, mivel a Bespoke mind\u00f6ssze 35&nbsp;dB hangot ad ki. A Digit\u00e1lis Inverter Modern m\u0171szaki megold\u00e1st felhaszn\u00e1l\u00f3 kompresszorra \u00e9rv\u00e9nyes a Samsung 10&nbsp;\u00e9ves garanci\u00e1ja, mindent \u00f6sszevetve a berendez\u00e9s k\u00e9nyelme hossz\u00fa \u00e9vekig \u00e9lvezhet\u0151.<\/p>\n\n\n\n<h4>Csatlakoztatott \u00e9letm\u00f3d a SmartThings t\u00e1mogat\u00e1s\u00e1val<\/h4>\n\n\n\n<p>Az otthonok az ut\u00f3bbi egy \u00e9vben t\u00f6m\u00e9rdek \u00faj szerepk\u00f6rt kaptak, sok felhaszn\u00e1l\u00f3 lak\u00f3helye v\u00e1lt irod\u00e1v\u00e1, edz\u0151teremm\u00e9 vagy tan\u00f3r\u00e1k helysz\u00edn\u00e9v\u00e9. A Samsung t\u00f6bb olyan Bespoke k\u00e9sz\u00fcl\u00e9ket \u00e9s okos megold\u00e1st tervezett, amelyek a felhaszn\u00e1l\u00f3k megv\u00e1ltozott \u00e9letm\u00f3dj\u00e1hoz igazodva teszik komfortosabb\u00e1 a lak\u00f3helyet \u00e9s hat\u00e9konyabb\u00e1 a h\u00e9tk\u00f6znapokat. A Bespoke \u00e9s SmartThings alapokon funkcion\u00e1l\u00f3 megold\u00e1sok k\u00f6z\u00fcl t\u00f6bb Magyarorsz\u00e1gon szint\u00e9n rendelkez\u00e9sre fog \u00e1llni.<\/p>\n\n\n\n<p>A Bespoke AirDresser nagysz\u00e1m\u00fa ruh\u00e1zat\u00e1pol\u00e1si megold\u00e1st egyes\u00edt egy st\u00edlusos Bespoke k\u00e9sz\u00fcl\u00e9kben, amellyel a felhaszn\u00e1l\u00f3k kedvenc \u00f6lt\u00f6z\u00e9kei \u00e1lland\u00f3an a legjobb form\u00e1jukban lehetnek. A praktikus \u00f6lt\u00f6z\u0151szekr\u00e9nyben tartott ruh\u00e1k tiszt\u00e1k \u00e9s sz\u00e1razok maradnak, a szagtalan\u00edt\u00f3 sz\u0171r\u0151nek \u00e9s a JetSteam g\u0151z\u00f6l\u0151s fert\u0151tlen\u00edt\u0151nek h\u00e1la ugyanakkor minden reggel benyom\u00e1s lesz felvenni \u0151ket. A felhaszn\u00e1l\u00f3k ak\u00e1r minden nap \u00fagy viselhetik kedvenc \u00f6lt\u00f6ny\u00fcket vagy kab\u00e1tjukat, mintha frissen \u00e9rkezett volna a tiszt\u00edt\u00f3b\u00f3l.<\/p>\n\n\n\n<p>A szem\u00e9lyre szabhat\u00f3 berendez\u00e9sek \u00e9s a felhaszn\u00e1l\u00f3i ig\u00e9nyek alapj\u00e1n form\u00e1lhat\u00f3 elrendez\u00e9s mellett a Samsung v\u00edzi\u00f3j\u00e1nak r\u00e9szei a mesters\u00e9ges intelligenci\u00e1ra \u00e9p\u00fcl\u0151, automatiz\u00e1lt megold\u00e1sok is. A SmartThings rendszer\u00e9n \u00e1t az eg\u00e9sz h\u00e1ztart\u00e1s g\u00f6rd\u00fcl\u00e9kenyen ir\u00e1ny\u00edthat\u00f3, mindent \u00f6sszevetve a felhaszn\u00e1l\u00f3k hat\u00e9konyabbak lehetnek az otthon t\u00f6lt\u00f6tt mindennapokban \u00e9s id\u0151t takar\u00edthatnak meg.<\/p>\n\n\n\n<p>A SmartThings Clothing Care a Bespoke AirDresser-hez \u00e9s a Samsung okos mos\u00f3g\u00e9peihez is csatlakoztathat\u00f3 Wi-Fi-n \u00e1t \u00e9s ez\u00e1ltal seg\u00edthet a mos\u00e1s \u00e9s tiszt\u00edt\u00e1s hat\u00e9konys\u00e1g\u00e1nak n\u00f6vel\u00e9s\u00e9ben. Az alkalmaz\u00e1s a csatlakoztatott eszk\u00f6z \u00e9s a ruh\u00e1k anyaga alapj\u00e1n aj\u00e1nl programot \u00e9s be\u00e1ll\u00edt\u00e1sokat, ez\u00e1ltal biztosan az alkalmas, k\u00edm\u00e9letes elj\u00e1r\u00e1ssal tisztulnak meg az egyes darabok. A szolg\u00e1ltat\u00e1s a h\u00e1ztart\u00e1s vezet\u00e9s\u00e9t is k\u00e9pes t\u00e1mogatni, ak\u00e1r a fogy\u00f3ban tal\u00e1lhat\u00f3 mos\u00f3szer \u00f6nvez\u00e9relt ut\u00e1nrendel\u00e9s\u00e9vel.<\/p>\n\n\n\n<p>A SmartThings Air a Samsung l\u00e9gtiszt\u00edt\u00f3ival \u00e9s l\u00e9gkondicion\u00e1l\u00f3ival \u00f6sszefogva val\u00f3s id\u0151ben figyeli a lak\u00f3helyben \u00e9s annak k\u00f6rnyezet\u00e9ben a leveg\u0151 min\u0151s\u00e9g\u00e9t \u00e9s ennek megfelel\u0151en \u00e1ll\u00edtja be a csatlakoztatott k\u00e9sz\u00fcl\u00e9kek \u00fczemel\u00e9s\u00e9t.<\/p>\n","protected":false},"excerpt":{"rendered":"<p>A Samsung a Bespoke Home 2021&nbsp;online esem\u00e9nyen mutatta be v\u00edzi\u00f3j\u00e1t a j\u00f6v\u0151 h\u00e1ztart\u00e1s\u00e1r\u00f3l. A bemutat\u00f3n a c\u00e9g Bespoke berendez\u00e9sei is bemutatkoztak, amelyek k\u00f6z\u00fcl a Bespoke h\u0171t\u0151szekr\u00e9ny most el\u0151sz\u00f6r v\u00e1lik el\u00e9rhet\u0151v\u00e9 Magyarorsz\u00e1gon. A modern g\u00e9pezetek sokoldal\u00faak, kialak\u00edt\u00e1suk szem\u00e9lyre szabhat\u00f3 \u00e9s hozz\u00e1j\u00e1rulnak a felhaszn\u00e1l\u00f3k csatlakoztatott \u00e9letm\u00f3dj\u00e1hoz. A Samsung Bespoke h\u0171t\u0151szekr\u00e9nyek hazai bemutat\u00e1s\u00e1val\u2026<\/p>\n<p class=\"continue-reading-button\"> <a class=\"continue-reading-link\" href=\"https:\/\/www.automatic-security.info\/?p=4446\">tov\u00e1bb<i class=\"crycon-right-dir\"><\/i><\/a><\/p>\n","protected":false},"author":4,"featured_media":4441,"comment_status":"closed","ping_status":"closed","sticky":false,"template":"","format":"standard","meta":[],"categories":[117],"tags":[],"aioseo_notices":[],"_links":{"self":[{"href":"https:\/\/www.automatic-security.info\/index.php?rest_route=\/wp\/v2\/posts\/4446"}],"collection":[{"href":"https:\/\/www.automatic-security.info\/index.php?rest_route=\/wp\/v2\/posts"}],"about":[{"href":"https:\/\/www.automatic-security.info\/index.php?rest_route=\/wp\/v2\/types\/post"}],"author":[{"embeddable":true,"href":"https:\/\/www.automatic-security.info\/index.php?rest_route=\/wp\/v2\/users\/4"}],"replies":[{"embeddable":true,"href":"https:\/\/www.automatic-security.info\/index.php?rest_route=%2Fwp%2Fv2%2Fcomments&post=4446"}],"version-history":[{"count":1,"href":"https:\/\/www.automatic-security.info\/index.php?rest_route=\/wp\/v2\/posts\/4446\/revisions"}],"predecessor-version":[{"id":4447,"href":"https:\/\/www.automatic-security.info\/index.php?rest_route=\/wp\/v2\/posts\/4446\/revisions\/4447"}],"wp:featuredmedia":[{"embeddable":true,"href":"https:\/\/www.automatic-security.info\/index.php?rest_route=\/wp\/v2\/media\/4441"}],"wp:attachment":[{"href":"https:\/\/www.automatic-security.info\/index.php?rest_route=%2Fwp%2Fv2%2Fmedia&parent=4446"}],"wp:term":[{"taxonomy":"category","embeddable":true,"href":"https:\/\/www.automatic-security.info\/index.php?rest_route=%2Fwp%2Fv2%2Fcategories&post=4446"},{"taxonomy":"post_tag","embeddable":true,"href":"https:\/\/www.automatic-security.info\/index.php?rest_route=%2Fwp%2Fv2%2Ftags&post=4446"}],"curies":[{"name":"wp","href":"https:\/\/api.w.org\/{rel}","templated":true}]}}