{"id":4480,"date":"2021-08-19T16:24:00","date_gmt":"2021-08-19T15:24:00","guid":{"rendered":"https:\/\/www.automatic-security.info\/?p=4480"},"modified":"2021-08-19T17:27:54","modified_gmt":"2021-08-19T16:27:54","slug":"a-modern-bmw-ix3","status":"publish","type":"post","link":"https:\/\/www.automatic-security.info\/?p=4480","title":{"rendered":"A modern BMW iX3"},"content":{"rendered":"\n<p>A BMW Group m\u00e9g tov\u00e1bb fokozza a tiszt\u00e1n elektromos meghajt\u00e1s\u00fa j\u00e1rm\u0171vek vezet\u00e9si \u00e9lm\u00e9ny\u00e9t. A c\u00e9g elektrifik\u00e1ci\u00f3s strat\u00e9gi\u00e1j\u00e1t k\u00f6vetve a 210&nbsp;kW teljes\u00edtm\u00e9ny \/ 400&nbsp;Nm cs\u00facs forgat\u00f3nyomat\u00e9k lead\u00e1s\u00e1ra k\u00e9pes BMW iX3&nbsp;az \u00e1tfog\u00f3 friss\u00edt\u00e9st k\u00f6vet\u0151en legink\u00e1bb kiemeli a Sports Activity Vehicle (SAV) modell sportos von\u00e1sait. A modern BMW iX3&nbsp;az alapfelszerelts\u00e9g r\u00e9szek\u00e9nt el\u00e9rhet\u0151 modellspecifikus M Sport csomaggal \u00e9rkezik.<\/p>\n\n\n\n<!--more-->\n\n\n\n<p>A BMW iX3&nbsp;(vegy\u00edtett energiafogyaszt\u00e1s (WLTP): 18,9 \u2013 18,5&nbsp;kWh \/ 100&nbsp;km; vegy\u00edtett k\u00e1rosanyag-kibocs\u00e1t\u00e1s: 0&nbsp;gramm \/ km) \u00e1tfog\u00f3 friss\u00edt\u00e9s\u00e9vel a bajor pr\u00e9miumgy\u00e1rt\u00f3 tiszt\u00e1n elektromos SAV modellj\u00e9ben nagyobb szerepet kapnak a sportos st\u00edlusjegyek, fokoz\u00f3dik a vezet\u00e9si impulzus, egyszer\u0171bb\u00e9 v\u00e1lik a j\u00e1rm\u0171 kezel\u00e9se \u00e9s a bels\u0151 t\u00e9r kialak\u00edt\u00e1sa m\u00e9g exkluz\u00edvabb karaktert kap. A friss formajegyek hangs\u00falyosan jelzik a tiszt\u00e1n elektromos k\u00f6z\u00e9pm\u00e9ret\u0171 pr\u00e9mium SAV modell \u00e9s a BMW iX, amellett a BMW i4&nbsp;modellekkel egy\u00fcttes konceptu\u00e1lis \u00e9s technol\u00f3giai \u00e9rt\u00e9keket.<\/p>\n\n\n\n<p>A modern BMW iX3&nbsp;az elektromos mobilit\u00e1s \u00faj korszak\u00e1nak \u00fatt\u00f6r\u0151jek\u00e9nt l\u00e9p sz\u00ednre. A BMW eDrive hajt\u00e1sl\u00e1nc modern m\u0171szaki megold\u00e1s \u00f6t\u00f6dik gener\u00e1ci\u00f3j\u00e1t els\u0151k\u00e9nt megkap\u00f3 modell specifikus m\u00f3don ny\u00fajt egyidej\u0171leg konkr\u00e9tan sportos teljes\u00edtm\u00e9nyt, rendk\u00edv\u00fcli hat\u00e9konys\u00e1got \u00e9s a WLTP tesztciklus m\u00e9r\u00e9sei alapj\u00e1n hossz\u00fa, 460&nbsp;kilom\u00e9teres tiszt\u00e1n elektromos hat\u00f3t\u00e1vols\u00e1got.<\/p>\n\n\n\n<figure class=\"wp-block-image size-large\"><a href=\"https:\/\/www.automatic-security.info\/wp-content\/uploads\/2021\/08\/az-uj-bmw-ix3.jpg\"><img loading=\"lazy\" width=\"1024\" height=\"724\" src=\"https:\/\/www.automatic-security.info\/wp-content\/uploads\/2021\/08\/az-uj-bmw-ix3-1024x724.jpg\" alt=\"A modern BMW iX3\" class=\"wp-image-4481\" srcset=\"https:\/\/www.automatic-security.info\/wp-content\/uploads\/2021\/08\/az-uj-bmw-ix3-1024x724.jpg 1024w, https:\/\/www.automatic-security.info\/wp-content\/uploads\/2021\/08\/az-uj-bmw-ix3-300x212.jpg 300w, https:\/\/www.automatic-security.info\/wp-content\/uploads\/2021\/08\/az-uj-bmw-ix3-768x543.jpg 768w, https:\/\/www.automatic-security.info\/wp-content\/uploads\/2021\/08\/az-uj-bmw-ix3-150x106.jpg 150w, https:\/\/www.automatic-security.info\/wp-content\/uploads\/2021\/08\/az-uj-bmw-ix3.jpg 1132w\" sizes=\"(max-width: 1024px) 100vw, 1024px\" \/><\/a><figcaption>A modern BMW iX3<\/figcaption><\/figure>\n\n\n\n<p>A korszer\u0171 BMW iX3&nbsp;modell M\u00fcnchenben, az IAA MOBILITY 2021&nbsp;internacion\u00e1lis aut\u00f3ipari t\u00e1rlaton mutatkozik be a nagyk\u00f6z\u00f6ns\u00e9gnek, gy\u00e1rt\u00e1sa mindazon\u00e1ltal \u2013 mind a helyi piac r\u00e9sz\u00e9re, mind export c\u00e9lokra \u2013 2021&nbsp;szeptember\u00e9ben veszi kezdet\u00e9t a BMW Brilliance Automotive senjangi egys\u00e9g\u00e9ben.<\/p>\n\n\n\n<p>A korszer\u0171 BMW iX3&nbsp;modellen karakteresebb megjelen\u00e9st kap az orr r\u00e9sz a megn\u00f6velt m\u00e9ret\u0171 vese alak\u00fa h\u0171t\u0151r\u00e1csnak, a 10&nbsp;millim\u00e9terrel keskenyebb f\u00e9nysz\u00f3r\u00f3knak \u00e9s a korszer\u0171 kialak\u00edt\u00e1st kapott els\u0151 k\u00f6t\u00e9nylemeznek h\u00e1la.<\/p>\n\n\n\n<p>A modern BMW iX3&nbsp;sz\u00e9riafelszerelts\u00e9gk\u00e9nt M Sport csomaggal \u00e9rkezik. A modern M aerodinamikai ker\u00e9kt\u00e1rcs\u00e1k az alapfelszerelts\u00e9gk\u00e9nt el\u00e9rhet\u0151 19\u201d-os m\u00e9ret mellett 20\u201d-os m\u00e9retben is rendelhet\u0151k. Az adapt\u00edv LED f\u00e9nysz\u00f3r\u00f3k ugyancsak az alapfelszerelts\u00e9g r\u00e9sz\u00e9t k\u00e9pezik, a BMW Laserlight vil\u00e1g\u00edt\u00e1srendszer opcion\u00e1lis t\u00e9telk\u00e9nt rendelhet\u0151.<\/p>\n\n\n\n<p>A m\u0171szerfal centrum\u00e1ban elhelyezked\u0151 digit\u00e1lis monitor \u00e1tm\u00e9r\u0151je 12,3&nbsp;inch-re n\u00f6vekedett \u00e9s a rajta el\u00e9rhet\u0151 kezel\u0151szervek m\u00e9rete is nagyobb\u00e1 v\u00e1lt. A modern k\u00f6z\u00e9pkonzolon a sebess\u00e9gv\u00e1lt\u00f3 kar, a BMW Controller, a Start\/Stop gomb \u00e9s a Driving Experience Control kezel\u0151szervei, azonfel\u00fcl az elektronikus k\u00e9zif\u00e9k helyezkedik el.<\/p>\n\n\n\n<p>A sz\u00e9riafelszerelts\u00e9g r\u00e9sz\u00e9t k\u00e9pezik a korszer\u0171 Sensatec perfor\u00e1lt k\u00e1rpitoz\u00e1s\u00fa sport\u00fcl\u00e9sek \u00e9s a korszer\u0171, s\u00f6t\u00e9t fel\u00fclet\u0171 Aluminium Rhombicle bels\u0151 burkolatcs\u00edkok. A BMW i Blue st\u00edlusjegyek a sebess\u00e9gv\u00e1lt\u00f3 karon, a Start\/Stop gombon \u00e9s a korm\u00e1nyker\u00e9ken is visszak\u00f6sz\u00f6nnek.<\/p>\n\n\n\n<p>Az elektromos motor, a v\u00e1lt\u00f3 \u00e9s a hajt\u00e1sl\u00e1nc vez\u00e9rl\u0151elektronik\u00e1ja egyetlen egy\u00fcttes h\u00e1zban kapott helyet. Helytakar\u00e9kos kialak\u00edt\u00e1s a h\u00e1ts\u00f3 tengely seg\u00e9dv\u00e1z\u00e1ban, maxim\u00e1lis teljes\u00edtm\u00e9ny: 210&nbsp;kW \/ 286&nbsp;LE, cs\u00facsnyomat\u00e9k: 400&nbsp;Nm. A h\u00e1ts\u00f3ker\u00e9k-meghajt\u00e1s\u00fa \u00faj BMW iX3&nbsp;6,8&nbsp;m\u00e1sodperc alatt k\u00e9pes felgyorsulni \u00e1ll\u00f3 helyzetb\u0151l 100&nbsp;km\/\u00f3r\u00e1s temp\u00f3ra.<\/p>\n\n\n\n<p>Modellspecifikus nagyfesz\u00fclts\u00e9g\u0171 \u00e1ramforr\u00e1s 80&nbsp;kWh kapacit\u00e1ssal. A Combined Charging Unit technol\u00f3gi\u00e1val el\u00e9rhet\u0151 az egyen\u00e1ram\u00fa, ak\u00e1r 150&nbsp;kW-os gyorst\u00f6lt\u00e9s. A t\u00edzperces gyorst\u00f6lt\u00e9ssel a WLTP tesztciklus m\u00e9r\u00e9sei szerinti 100&nbsp;kilom\u00e9ter hat\u00f3t\u00e1vra elegend\u0151 energi\u00e1val t\u00f6lthet\u0151 fel a g\u00e9pj\u00e1rm\u0171. A felhaszn\u00e1l\u00f3bar\u00e1t \u00e9s kedvez\u0151 \u00e1r\u00fa t\u00f6lt\u00e9st k\u00edn\u00e1l\u00f3 internacion\u00e1lis BMW Charging h\u00e1l\u00f3zat egy sima regisztr\u00e1ci\u00f3 ut\u00e1n el\u00e9rhet\u0151.<\/p>\n\n\n\n<p>A BMW Group a BMW i modellek tekintet\u00e9ben a fenntarthat\u00f3s\u00e1gi szempontok tekintet\u00e9ben holisztikus megk\u00f6zel\u00edt\u00e9st alkalmaz. Az elektromos motorok szinkronmotor-alapelv szerinti m\u0171k\u00f6d\u00e9se k\u00edn\u00e1lja az er\u0151forr\u00e1sok ritkaf\u00f6ldf\u00e9mekt\u0151l mentes sorozatgy\u00e1rt\u00e1s\u00e1t. A BMW iX3&nbsp;er\u0151forr\u00e1s-hat\u00e9kony sorozatgy\u00e1rt\u00e1s\u00e1hoz a m\u00e1sodlagos nyersanyagok haszn\u00e1lata is hozz\u00e1j\u00e1rul. A BMW Group a nagyfesz\u00fclts\u00e9g\u0171 akkumul\u00e1torokhoz l\u00e9tfontoss\u00e1g\u00fa kobaltot \u00e9s l\u00edtiumot ellen\u0151rz\u00f6tt forr\u00e1sokb\u00f3l szerzi be. A modell \u00e9s az integr\u00e1lt akkumul\u00e1torcell\u00e1k eg\u00e9sz termel\u00e9si folyamat\u00e1hoz l\u00e9tfontoss\u00e1g\u00fa energi\u00e1t csakis meg\u00fajul\u00f3 er\u0151forr\u00e1sokb\u00f3l nyerik ki.<\/p>\n\n\n\n<p>A korszer\u0171 BMW iX3&nbsp;modellhez k\u00e9t felszerelts\u00e9gi szint v\u00e1laszhat\u00f3. Az \u201eInspiring\u201d modellek met\u00e1lf\u00e9nyez\u00e9ssel, adapt\u00edv felf\u00fcggeszt\u00e9ssel, automata csomagt\u00e9rajt\u00f3 m\u0171k\u00f6dtet\u00e9ssel, panor\u00e1matet\u0151vel, elektromosan \u00e1ll\u00edthat\u00f3 \u00fcl\u00e9sekkel, b\u0151r fel\u00fclet\u0171 sport-korm\u00e1nyker\u00e9kkel \u00e9s h\u00e1romz\u00f3n\u00e1s el\u0151f\u0171t\u00e9s \u00e9s el\u0151h\u0171t\u00e9s funkci\u00f3val ell\u00e1tott automata kl\u00edmarendszerrel \u00e9rkeznek. Az \u201eImpressive\u201d felszerelts\u00e9gi szint\u0171 modellek a fentieken t\u00fal 20\u201d-os k\u00f6nny\u0171f\u00e9m felniket, akusztikus \u00fcvegez\u00e9st, Vernasca b\u0151rd\u00edsz\u00edt\u00e9st, BMW Head-Up Display-t, Harman Kardon hangrendszert (Harman Kardon Surround Sound System) \u00e9s a Hans Zimmer zeneszerz\u0151 nev\u00e9vel f\u00e9mjelzett BMW IconicSounds Electric portf\u00f3li\u00f3t is megkapj\u00e1k.<\/p>\n\n\n\n<p>A vezet\u00e9st\u00e1mogat\u00f3-rendszerek p\u00e1ratlanul nagy t\u00e1rh\u00e1za \u00e9rkezik a korszer\u0171 BMW iX3-hoz az alapfelszerelts\u00e9g r\u00e9szek\u00e9nt, bele\u00e9rtve a Driving Assistant Professional csomagot korm\u00e1nyz\u00f3- \u00e9s s\u00e1vtart\u00f3 asszisztenssel (Steering and Lane Control Assistant), ugyanakkor az automata Stop&amp;Go funkci\u00f3val, automata sebess\u00e9gkorl\u00e1toz\u00e1s-asszisztenssel \u00e9s \u00fatvonalfigyel\u0151 funkci\u00f3val dolgoz\u00f3 akt\u00edv tempomatot (Active Cruise Control with Stop&amp;Go function, automatic Speed Limit Assist and route monitoring). Ugyancsak alapfelszerelts\u00e9g a parkol\u00f3asszisztens (Parking Assistant) tolat\u00f3kamer\u00e1val (Reversing Assist Camera) \u00e9s tolat\u00e1si seg\u00e9dlettel (Reversing Assistant).<\/p>\n\n\n\n<p>Az alapfelszerelts\u00e9g r\u00e9szek\u00e9nt el\u00e9rhet\u0151 BMW Live Cockpit Professional rendszer felh\u0151-alap\u00fa BMW Maps navig\u00e1ci\u00f3s rendszerrel \u00e9s BMW Intelligent Personal Assistant szolg\u00e1ltat\u00e1ssal \u00e9rkezik. Ugyancsak a sz\u00e9riafelszerelts\u00e9g r\u00e9sz\u00e9t k\u00e9pezi az Apple CarPlay integr\u00e1ci\u00f3, az Android Auto el\u0151k\u00e9sz\u00edt\u00e9s, a Remote Software Upgrade rendszer, azonk\u00edv\u00fcl \u00fajabb digit\u00e1lis BMW Conncected szolg\u00e1ltat\u00e1sok.<\/p>\n","protected":false},"excerpt":{"rendered":"<p>A BMW Group m\u00e9g tov\u00e1bb fokozza a tiszt\u00e1n elektromos meghajt\u00e1s\u00fa j\u00e1rm\u0171vek vezet\u00e9si \u00e9lm\u00e9ny\u00e9t. A c\u00e9g elektrifik\u00e1ci\u00f3s strat\u00e9gi\u00e1j\u00e1t k\u00f6vetve a 210&nbsp;kW teljes\u00edtm\u00e9ny \/ 400&nbsp;Nm cs\u00facs forgat\u00f3nyomat\u00e9k lead\u00e1s\u00e1ra k\u00e9pes BMW iX3&nbsp;az \u00e1tfog\u00f3 friss\u00edt\u00e9st k\u00f6vet\u0151en legink\u00e1bb kiemeli a Sports Activity Vehicle (SAV) modell sportos von\u00e1sait. A modern BMW iX3&nbsp;az alapfelszerelts\u00e9g r\u00e9szek\u00e9nt el\u00e9rhet\u0151 modellspecifikus\u2026<\/p>\n<p class=\"continue-reading-button\"> <a class=\"continue-reading-link\" href=\"https:\/\/www.automatic-security.info\/?p=4480\">tov\u00e1bb<i class=\"crycon-right-dir\"><\/i><\/a><\/p>\n","protected":false},"author":4,"featured_media":4481,"comment_status":"closed","ping_status":"closed","sticky":false,"template":"","format":"standard","meta":[],"categories":[117],"tags":[],"aioseo_notices":[],"_links":{"self":[{"href":"https:\/\/www.automatic-security.info\/index.php?rest_route=\/wp\/v2\/posts\/4480"}],"collection":[{"href":"https:\/\/www.automatic-security.info\/index.php?rest_route=\/wp\/v2\/posts"}],"about":[{"href":"https:\/\/www.automatic-security.info\/index.php?rest_route=\/wp\/v2\/types\/post"}],"author":[{"embeddable":true,"href":"https:\/\/www.automatic-security.info\/index.php?rest_route=\/wp\/v2\/users\/4"}],"replies":[{"embeddable":true,"href":"https:\/\/www.automatic-security.info\/index.php?rest_route=%2Fwp%2Fv2%2Fcomments&post=4480"}],"version-history":[{"count":1,"href":"https:\/\/www.automatic-security.info\/index.php?rest_route=\/wp\/v2\/posts\/4480\/revisions"}],"predecessor-version":[{"id":4485,"href":"https:\/\/www.automatic-security.info\/index.php?rest_route=\/wp\/v2\/posts\/4480\/revisions\/4485"}],"wp:featuredmedia":[{"embeddable":true,"href":"https:\/\/www.automatic-security.info\/index.php?rest_route=\/wp\/v2\/media\/4481"}],"wp:attachment":[{"href":"https:\/\/www.automatic-security.info\/index.php?rest_route=%2Fwp%2Fv2%2Fmedia&parent=4480"}],"wp:term":[{"taxonomy":"category","embeddable":true,"href":"https:\/\/www.automatic-security.info\/index.php?rest_route=%2Fwp%2Fv2%2Fcategories&post=4480"},{"taxonomy":"post_tag","embeddable":true,"href":"https:\/\/www.automatic-security.info\/index.php?rest_route=%2Fwp%2Fv2%2Ftags&post=4480"}],"curies":[{"name":"wp","href":"https:\/\/api.w.org\/{rel}","templated":true}]}}