{"id":4636,"date":"2022-06-08T12:33:28","date_gmt":"2022-06-08T11:33:28","guid":{"rendered":"https:\/\/www.automatic-security.info\/?p=4636"},"modified":"2022-05-29T19:34:40","modified_gmt":"2022-05-29T18:34:40","slug":"uj-vallalkozasbeli-taj-a-bosch-hidrogen-elektrolizishez-fejleszt-alkatreszeket","status":"publish","type":"post","link":"https:\/\/www.automatic-security.info\/?p=4636","title":{"rendered":"\u00daj v\u00e1llalkoz\u00e1sbeli t\u00e1j: a Bosch hidrog\u00e9n-elektrol\u00edzishez fejleszt alkatr\u00e9szeket"},"content":{"rendered":"<p>A Bosch a hat\u00e9kony kl\u00edmav\u00e9delem \u00e9rdek\u00e9ben az elk\u00f6vetkezend\u0151 id\u0151szakokban nemcsak felhaszn\u00e1lja a z\u00f6ld hidrog\u00e9nt, de az egyik gy\u00e1rt\u00f3ja is lesz ennek a modern \u00fczemanyagnak. \u00cdgy a Bosch az elektroliz\u00e1l\u00f3khoz l\u00e9tfontoss\u00e1g\u00fa alkatr\u00e9szek fejleszt\u00e9s\u00e9be kezd, amelyek elektrol\u00edzis hozz\u00e1j\u00e1rul\u00e1s\u00e1val a vizet hidrog\u00e9nre \u00e9s oxig\u00e9nre bontj\u00e1k. Az ehhez l\u00e9tfontoss\u00e1g\u00fa villamos energi\u00e1t f\u0151leg meg\u00fajul\u00f3 forr\u00e1sokb\u00f3l, p\u00e9ld\u00e1nak ok\u00e1\u00e9rt sz\u00e9l- vagy napenergi\u00e1b\u00f3l \u00e1ll\u00edtj\u00e1k el\u0151, melynek eredm\u00e9nyek\u00e9nt \u201ez\u00f6ld hidrog\u00e9nt\u201d kapunk. \u201eNem engedhetj\u00fck meg, hogy tov\u00e1bb halogassuk az \u00e9ghajlatv\u00e9delmi int\u00e9zked\u00e9seket. \u00cdgy a c\u00e9lunk, hogy a Bosch technol\u00f3gi\u00e1j\u00e1val t\u00e1mogassuk a hidrog\u00e9ngy\u00e1rt\u00e1s miel\u0151bbi megval\u00f3sul\u00e1s\u00e1t Eur\u00f3p\u00e1ban\u201d \u2013 mondta dr. Stefan Hartung, a Robert Bosch GmbH igazgat\u00f3s\u00e1g\u00e1nak eln\u00f6ke a t\u00e1rsas\u00e1g \u00e9ves sajt\u00f3t\u00e1j\u00e9koztat\u00f3j\u00e1n. \u201eEhhez az \u00fczemanyagcella-technol\u00f3gia ter\u00fclet\u00e9n szerzett tud\u00e1sunkat haszn\u00e1ljuk fel\u201d \u2013 tette hozz\u00e1 dr. Markus Heyn, a Bosch igazgat\u00f3s\u00e1g\u00e1nak mobilit\u00e1si megold\u00e1sok kereskedelmi szektor\u00e9rt felel\u0151s tagja. Az elektrol\u00edzis komponenseinek fejleszt\u00e9s\u00e9t a mobilit\u00e1si megold\u00e1sok v\u00e1llalkoz\u00e1sbeli szektor v\u00e9gzi, \u00e9s az \u00e9vtized v\u00e9g\u00e9ig ak\u00e1r 500\u00a0milli\u00f3 eur\u00f3t is sz\u00e1nnak a korszer\u0171 \u00fczlet\u00e1g ki\u00e9p\u00edt\u00e9s\u00e9re. Az energiadiverzifik\u00e1ci\u00f3, a fosszilis t\u00fczel\u0151anyagok felhaszn\u00e1l\u00e1s\u00e1nak cs\u00f6kken\u00e9se \u00e9s a sz\u00e9n-dioxid-kibocs\u00e1t\u00e1s minimaliz\u00e1l\u00e1sa folyt\u00e1n a z\u00f6ld hidrog\u00e9n ir\u00e1nti kereslet sebesen n\u00f6vekszik \u2013 nemcsak az olyan energiaig\u00e9nyes ipar\u00e1gakban, mint az ac\u00e9lipar, a vegyipar \u00e9s a neh\u00e9zkateg\u00f3ri\u00e1s tehersz\u00e1ll\u00edt\u00e1s, hanem ez a trend \u00e9rv\u00e9nyes\u00fcl a mag\u00e1ntulajdon\u00fa ingatlangazd\u00e1lkod\u00e1sban is. Az Eur\u00f3pai Uni\u00f3 alapj\u00e1n a z\u00f6ld hidrog\u00e9n ir\u00e1nti kereslet 2030-ra csaknem \u00e9vi t\u00edzmilli\u00f3 tonn\u00e1ra n\u0151. A Bosch el\u0151rejelz\u00e9se alapj\u00e1n az elektroliz\u00e1l\u00f3k alkatr\u00e9szeinek teljes k\u00f6r\u0171 piaca ugyanebben az id\u0151szakban csaknem 14\u00a0milli\u00e1rd eur\u00f3ra n\u0151 ezt k\u00f6vet\u0151en, \u00e9s Eur\u00f3p\u00e1ban lesz a legnagyobb m\u00e9rt\u00e9k\u0171 a n\u00f6veked\u00e9s. Hogy a Bosch seg\u00edtse a v\u00e1llalkoz\u00e1sokat \u00e9s partner legyen a fosszilis t\u00fczel\u0151anyagok felhaszn\u00e1l\u00e1s\u00e1nak minimaliz\u00e1l\u00e1s\u00e1ban, ezenk\u00edv\u00fcl a korszer\u0171 energiahordoz\u00f3k hasznos\u00edt\u00e1s\u00e1ban, a v\u00e1llalatcsoport az j\u00f6v\u0151beni h\u00e1rom \u00e9vben csaknem h\u00e1rommilli\u00e1rd eur\u00f3t sz\u00e1n az olyan kl\u00edmasemleges technol\u00f3gi\u00e1kkal kapcsolatos fejleszt\u00e9sekre, mint a villamos\u00edt\u00e1s \u00e9s a hidrog\u00e9n.<\/p>\n<div id=\"attachment_4628\" style=\"width: 1077px\" class=\"wp-caption aligncenter\"><a href=\"https:\/\/www.automatic-security.info\/wp-content\/uploads\/2022\/05\/uj-uzleti-terulet-a-bosch-hidrogen-elektrolizishez-fejleszt-alkatreszeket.jpg\"><img aria-describedby=\"caption-attachment-4628\" loading=\"lazy\" class=\"size-full wp-image-4628\" src=\"https:\/\/www.automatic-security.info\/wp-content\/uploads\/2022\/05\/uj-uzleti-terulet-a-bosch-hidrogen-elektrolizishez-fejleszt-alkatreszeket.jpg\" alt=\"\u00daj v\u00e1llalkoz\u00e1sbeli t\u00e1j: a Bosch hidrog\u00e9n-elektrol\u00edzishez fejleszt alkatr\u00e9szeket\" width=\"1067\" height=\"600\" srcset=\"https:\/\/www.automatic-security.info\/wp-content\/uploads\/2022\/05\/uj-uzleti-terulet-a-bosch-hidrogen-elektrolizishez-fejleszt-alkatreszeket.jpg 1067w, https:\/\/www.automatic-security.info\/wp-content\/uploads\/2022\/05\/uj-uzleti-terulet-a-bosch-hidrogen-elektrolizishez-fejleszt-alkatreszeket-300x169.jpg 300w, https:\/\/www.automatic-security.info\/wp-content\/uploads\/2022\/05\/uj-uzleti-terulet-a-bosch-hidrogen-elektrolizishez-fejleszt-alkatreszeket-1024x576.jpg 1024w, https:\/\/www.automatic-security.info\/wp-content\/uploads\/2022\/05\/uj-uzleti-terulet-a-bosch-hidrogen-elektrolizishez-fejleszt-alkatreszeket-768x432.jpg 768w, https:\/\/www.automatic-security.info\/wp-content\/uploads\/2022\/05\/uj-uzleti-terulet-a-bosch-hidrogen-elektrolizishez-fejleszt-alkatreszeket-150x84.jpg 150w\" sizes=\"(max-width: 1067px) 100vw, 1067px\" \/><\/a><p id=\"caption-attachment-4628\" class=\"wp-caption-text\">\u00daj v\u00e1llalkoz\u00e1sbeli t\u00e1j: a Bosch hidrog\u00e9n-elektrol\u00edzishez fejleszt alkatr\u00e9szeket<\/p><\/div>\n<h3>A Bosch az elektroliz\u00e1l\u00f3 k\u00f6zponti elem\u00e9t, az elektroliz\u00e1l\u00f3 cell\u00e1t fejleszti<\/h3>\n<p>Az \u00fczemanyagcell\u00e1hoz hasonl\u00f3an az elektroliz\u00e1l\u00f3 kulcskomponense a cella, amely t\u00f6bb sz\u00e1z, sorba kapcsolt k\u00fcl\u00f6nleges cell\u00e1b\u00f3l \u00e1ll. Az egyes cell\u00e1kban elektromos energia hozz\u00e1j\u00e1rul\u00e1s\u00e1val a vizet hidrog\u00e9nre \u00e9s oxig\u00e9nre bontj\u00e1k. Ez \u00e9ppen a ford\u00edtottja annak, ami az \u00fczemanyagcell\u00e1ban t\u00f6rt\u00e9nik, ahol az elektromos \u00e1ramot hidrog\u00e9n \u00e9s oxig\u00e9n egyes\u00edt\u00e9s\u00e9vel \u00e1ll\u00edtj\u00e1k el\u0151. A k\u00e9miai reakci\u00f3t mindk\u00e9t esetben egy protoncser\u00e9l\u0151 membr\u00e1n (PEM) t\u00e1mogatja eredm\u00e9nyesen. A Bosch nagyon sok partnerrel dolgozik azon, hogy az elektroliz\u00e1l\u00f3 cell\u00e1t vez\u00e9rl\u0151egys\u00e9ggel, teljes\u00edtm\u00e9nyelektronik\u00e1val \u00e9s k\u00fcl\u00f6nf\u00e9le \u00e9rz\u00e9kel\u0151kkel \u00f6sszekapcsolva \u201eokos modult\u201d hozzon l\u00e9tre. A k\u00eds\u00e9rleti gy\u00e1rt\u00e1st az elk\u00e9pzel\u00e9sek alapj\u00e1n j\u00f6v\u0151re kezdik, \u00e9s a c\u00e9gcsoport 2025-t\u0151l tervezi ezeknek az okos moduloknak a sz\u00e1ll\u00edt\u00e1s\u00e1t az elektrol\u00edzis\u00fczemek gy\u00e1rt\u00f3inak \u00e9s az ipari szolg\u00e1ltat\u00f3knak.<\/p>\n<p>A Bosch egy h\u00e9tk\u00f6znapi elj\u00e1r\u00e1s t\u00e1mogat\u00e1s\u00e1val nagyon sok ilyen kompakt modult kapcsol \u00f6ssze. Ezek azut\u00e1n mind a kisebb, maximum t\u00edz megawatt kapacit\u00e1s\u00fa egys\u00e9gekben, mind a gigawatt teljes\u00edtm\u00e9ny\u0171 sz\u00e1razf\u00f6ldi \u00e9s tengeri l\u00e9tes\u00edtm\u00e9nyekben felhaszn\u00e1lhat\u00f3k \u2013 ak\u00e1r \u00faj \u00e9p\u00edt\u00e9s\u0171 projektekben, ak\u00e1r a z\u00f6ld hidrog\u00e9n el\u0151\u00e1ll\u00edt\u00e1s\u00e1ra \u00e1talak\u00edtand\u00f3 l\u00e9tez\u0151 \u00fczemekben. A hidrog\u00e9ntermel\u00e9s hat\u00e9konys\u00e1g\u00e1nak maximaliz\u00e1l\u00e1sa \u00e9s az elektroliz\u00e1l\u00f3 cella \u00e9lettartam\u00e1nak meghosszabb\u00edt\u00e1sa \u00e9rdek\u00e9ben az okos modulokat a Bosch felh\u0151j\u00e9hez kell csatlakoztatni. Ugyanakkor az elektroliz\u00e1l\u00f3k modul\u00e1ris fel\u00e9p\u00edt\u00e9se v\u00e1rhat\u00f3an rugalmasabb\u00e1 teszi a karbantart\u00e1st: egy tervezett munka sor\u00e1n az eg\u00e9sz l\u00e9tes\u00edtm\u00e9ny helyett el\u00e9g csak az \u00fczem n\u00e9mely r\u00e9szeit le\u00e1ll\u00edtani. A Bosch olyan szervizkoncepci\u00f3kon is dolgozik, amelyek a k\u00f6rforg\u00e1sos gazdas\u00e1g elv\u00e1r\u00e1sainak megfelel\u0151en az alkatr\u00e9szek \u00fajrahasznos\u00edt\u00e1s\u00e1t is magukban foglalj\u00e1k.<\/p>\n<h3>A Bosch kihaszn\u00e1lhatja a t\u00f6megtermel\u00e9s \u00e9s a m\u00e9retgazdas\u00e1goss\u00e1g el\u0151nyeit<\/h3>\n<p>A piacon pillanatnyilag kaphat\u00f3 elektroliz\u00e1tor-alkatr\u00e9szekkel ellent\u00e9tben a Bosch okos moduljai t\u00f6meggy\u00e1rt\u00e1sban k\u00e9sz\u00fclnek ezut\u00e1n. Ez\u00e1ltal a gy\u00e1rt\u00e1s m\u0171velete m\u00e9retgazdas\u00e1goss\u00e1gi el\u0151ny\u00f6kkel j\u00e1r. \u201eA hidrog\u00e9ngy\u00e1rt\u00e1s felfuttat\u00e1s\u00e1ban k\u00e9t kulcsfontoss\u00e1g\u00fa t\u00e9nyez\u0151 j\u00e1tszik szerepet: a gyorsas\u00e1g \u00e9s a k\u00f6lts\u00e9gt\u00e9nyez\u0151k\u201d \u2013 mondta Heyn. \u201eEz az a k\u00f6rzet, ahol kihaszn\u00e1lhatjuk az er\u0151ss\u00e9geinket a t\u00f6megtermel\u00e9sben szerzett szak\u00e9rtelm\u00fcnknek, tetej\u00e9be az aut\u00f3ipari tud\u00e1sunknak \u00e9s tapasztalatunknak h\u00e1la.\u201d A Bosch most azt tervezi, hogy t\u00f6bb eur\u00f3pai helysz\u00ednen a lehet\u0151 leggyorsabban megkezdi a sorozatgy\u00e1rt\u00e1st. Ezek k\u00f6z\u00e9 sorolhat\u00f3 Bamberg \u00e9s Feuerbach (N\u00e9metorsz\u00e1g), Tilburg (Hollandia), Linz (Ausztria) \u00e9s \u010cesk\u00e9 Bud\u011bjovice (Csehorsz\u00e1g).<\/p>\n<h3>A Bosch portf\u00f3li\u00f3b\u0151v\u00edt\u00e9s\u00e9vel munkahelyeket tart meg<\/h3>\n<p>Az aut\u00f3ipar \u00e1talakul\u00e1sa \u00f3ri\u00e1si feladja a leck\u00e9t az eg\u00e9sz ipar\u00e1g r\u00e9sz\u00e9re. Mint \u00e1lland\u00f3an, a Bosch v\u00e1lasza erre is az \u00faj\u00edt\u00e1s. Azzal, hogy a t\u00e1rsas\u00e1g egy \u00faj v\u00e1llalkoz\u00e1sbeli ter\u00fcletre l\u00e9p \u2013 amely a mobilit\u00e1si megold\u00e1sok kereskedelmi szektort egy nem aut\u00f3ipari \u00e1ggal eg\u00e9sz\u00edti ki \u2013, megadja a lehet\u0151s\u00e9get a munkahelyek meg\u0151rz\u00e9s\u00e9re. A k\u00f6vetkez\u0151 \u00e9vekben az elektroliz\u00e1l\u00f3 alkatr\u00e9szeinek fejleszt\u00e9se \u00e9s gy\u00e1rt\u00e1sa v\u00e1rhat\u00f3an t\u00f6bbsz\u00e1z munkat\u00e1rsnak ad ezut\u00e1n munk\u00e1t. \u201eIgazs\u00e1g szerint h\u00e1rom c\u00e9lt teljes\u00edt\u00fcnk egyidej\u0171leg\u201d \u2013 mondta Heyn. \u201eJelent\u0151s a hozz\u00e1j\u00e1rul\u00e1sunk \u00f6kol\u00f3giai, p\u00e9nz\u00fcgyi \u00e9s szoci\u00e1lis szempontb\u00f3l is.\u201d<\/p>\n<h3>A Bosch mobil \u00e9s telep\u00edtett \u00fczemanyagcell\u00e1kon dolgozik<\/h3>\n<p>A Bosch megl\u00e1t\u00e1sa alapj\u00e1n a hidrog\u00e9n a j\u00f6v\u0151 \u00fczemanyaga \u00e9s a v\u00e1llalatcsoport a telep\u00edtett \u00e9s a mobil \u00fczemanyagcell\u00e1kon is dolgozik. Az el\u0151bbiek egyik tervezett felhaszn\u00e1l\u00e1si kiterjed\u00e9se a telep\u00fcl\u00e9sek, adatk\u00f6zpontok, bev\u00e1s\u00e1rl\u00f3k\u00f6zpontok, v\u00e1llalkoz\u00e1sbeli parkok kis, helysz\u00edni er\u0151m\u0171vei, ezenk\u00edv\u00fcl az elektromos j\u00e1rm\u0171vek t\u00f6lt\u0151pontjai. A v\u00e1llalatcsoport azt tervezi, hogy a mobil \u00fczemanyagcell\u00e1kkal megk\u00f6nny\u00edti az \u00e1ruk \u00e9s \u00e1rucikkek kl\u00edmasemleges sz\u00e1ll\u00edt\u00e1s\u00e1t, kezdetben teherforgalomban. A c\u00e9g j\u00e1rm\u0171vekkel kapcsolatos term\u00e9kk\u00edn\u00e1lata ezen a \u00f6vezetben az \u00e9rz\u00e9kel\u0151kt\u0151l kezdve az olyan alapvet\u0151 alkatr\u00e9szekig terjed, mint az elektromos l\u00e9gs\u0171r\u00edt\u0151, az elektroliz\u00e1l\u00f3 cella \u00e9s a komplett \u00fczemanyagcell\u00e1s modulok. A gy\u00e1rt\u00e1s v\u00e1rhat\u00f3an m\u00e1r az id\u00e9n elindul.<\/p>\n","protected":false},"excerpt":{"rendered":"<p>A Bosch a hat\u00e9kony kl\u00edmav\u00e9delem \u00e9rdek\u00e9ben az elk\u00f6vetkezend\u0151 id\u0151szakokban nemcsak felhaszn\u00e1lja a z\u00f6ld hidrog\u00e9nt, de az egyik gy\u00e1rt\u00f3ja is lesz ennek a modern \u00fczemanyagnak. \u00cdgy a Bosch az elektroliz\u00e1l\u00f3khoz l\u00e9tfontoss\u00e1g\u00fa alkatr\u00e9szek fejleszt\u00e9s\u00e9be kezd, amelyek elektrol\u00edzis hozz\u00e1j\u00e1rul\u00e1s\u00e1val a vizet hidrog\u00e9nre \u00e9s oxig\u00e9nre bontj\u00e1k. Az ehhez l\u00e9tfontoss\u00e1g\u00fa villamos energi\u00e1t f\u0151leg meg\u00fajul\u00f3 forr\u00e1sokb\u00f3l,\u2026<\/p>\n<p class=\"continue-reading-button\"> <a class=\"continue-reading-link\" href=\"https:\/\/www.automatic-security.info\/?p=4636\">tov\u00e1bb<i class=\"crycon-right-dir\"><\/i><\/a><\/p>\n","protected":false},"author":4,"featured_media":4628,"comment_status":"closed","ping_status":"closed","sticky":false,"template":"","format":"standard","meta":[],"categories":[117],"tags":[],"aioseo_notices":[],"_links":{"self":[{"href":"https:\/\/www.automatic-security.info\/index.php?rest_route=\/wp\/v2\/posts\/4636"}],"collection":[{"href":"https:\/\/www.automatic-security.info\/index.php?rest_route=\/wp\/v2\/posts"}],"about":[{"href":"https:\/\/www.automatic-security.info\/index.php?rest_route=\/wp\/v2\/types\/post"}],"author":[{"embeddable":true,"href":"https:\/\/www.automatic-security.info\/index.php?rest_route=\/wp\/v2\/users\/4"}],"replies":[{"embeddable":true,"href":"https:\/\/www.automatic-security.info\/index.php?rest_route=%2Fwp%2Fv2%2Fcomments&post=4636"}],"version-history":[{"count":1,"href":"https:\/\/www.automatic-security.info\/index.php?rest_route=\/wp\/v2\/posts\/4636\/revisions"}],"predecessor-version":[{"id":4637,"href":"https:\/\/www.automatic-security.info\/index.php?rest_route=\/wp\/v2\/posts\/4636\/revisions\/4637"}],"wp:featuredmedia":[{"embeddable":true,"href":"https:\/\/www.automatic-security.info\/index.php?rest_route=\/wp\/v2\/media\/4628"}],"wp:attachment":[{"href":"https:\/\/www.automatic-security.info\/index.php?rest_route=%2Fwp%2Fv2%2Fmedia&parent=4636"}],"wp:term":[{"taxonomy":"category","embeddable":true,"href":"https:\/\/www.automatic-security.info\/index.php?rest_route=%2Fwp%2Fv2%2Fcategories&post=4636"},{"taxonomy":"post_tag","embeddable":true,"href":"https:\/\/www.automatic-security.info\/index.php?rest_route=%2Fwp%2Fv2%2Ftags&post=4636"}],"curies":[{"name":"wp","href":"https:\/\/api.w.org\/{rel}","templated":true}]}}