{"id":4797,"date":"2023-03-10T11:51:44","date_gmt":"2023-03-10T10:51:44","guid":{"rendered":"https:\/\/www.automatic-security.info\/?p=4797"},"modified":"2023-03-05T19:52:28","modified_gmt":"2023-03-05T18:52:28","slug":"a-bmw-group-hidrogen-meghajtasu-gepkocsikat-gurit-ki-az-utakra-a-bmw-ix5-hydrogen-tesztflottaja-megjott","status":"publish","type":"post","link":"https:\/\/www.automatic-security.info\/?p=4797","title":{"rendered":"A BMW Group hidrog\u00e9n-meghajt\u00e1s\u00fa g\u00e9pkocsikat gur\u00edt ki az utakra: a BMW iX5 Hydrogen tesztflott\u00e1ja megj\u00f6tt"},"content":{"rendered":"<p>A val\u00f3s \u00e1llapotok k\u00f6zt haszn\u00e1lt tesztp\u00e9ld\u00e1nyok \u00e9rt\u00e9kes tud\u00e1sb\u00e1zist hoznak l\u00e9tre \u00e9s megalapozz\u00e1k a lehet\u0151s\u00e9g szerinti j\u00f6v\u0151beni sorozatgy\u00e1rt\u00e1st.<\/p>\n<p>A BMW Group b\u00fcszk\u00e9n ismerteti r\u00e9szleteiben is az internacion\u00e1lis m\u00e9dia k\u00e9pvisel\u0151inek id\u00e9n szolg\u00e1latba \u00e1ll\u00f3 tesztflott\u00e1ja els\u0151 p\u00e9ld\u00e1nyait. A BMW iX5\u00a0Hydrogen n\u00e9gy\u00e9vnyi fejleszt\u0151munka eredm\u00e9nyek\u00e9nt \u00e9rkezik meg az utakra.<\/p>\n<p>A alig sz\u00e1z modellb\u0151l \u00e1ll\u00f3 tesztflotta a vil\u00e1gon t\u00f6bbfel\u00e9 felt\u0171nik ezut\u00e1n, elt\u00e9r\u0151 c\u00e9lcsoportokkal ismertetve \u00e9s szerettetve meg a korszer\u0171 hajt\u00e1sl\u00e1nc-technol\u00f3gi\u00e1ban rejl\u0151 innov\u00e1ci\u00f3kat. A k\u00f6zvetlen vezet\u00e9si impulzus most els\u0151 \u00edzben ad lehet\u0151s\u00e9get az embereknek arra, hogy k\u00e9zzelfoghat\u00f3 benyom\u00e1st szerezzenek a BMW iX5\u00a0Hydrogen rendhagy\u00f3 kvalit\u00e1sair\u00f3l.<\/p>\n<p>\u201eA hidrog\u00e9n egy szerfelett multifunkcion\u00e1lis energiaforr\u00e1s, amely energia\u00e1t\u00e1ll\u00e1si folyamatainkban, \u00e9s mindent \u00f6sszevetve a k\u00f6rnyezetv\u00e9delem tekintet\u00e9ben is kulcsfontoss\u00e1g\u00fa szerepet j\u00e1tszik. Mindent egybevetve, ez a meg\u00fajul\u00f3 energiaforr\u00e1sok t\u00e1rol\u00e1s\u00e1nak \u00e9s felhaszn\u00e1l\u00e1s\u00e1nak egyik leghat\u00e9konyabb m\u00f3dja\u201d \u2013 mondta Oliver Zipse, a BMW AG igazgat\u00f3tan\u00e1cs\u00e1nak eln\u00f6ke. \u201eA technol\u00f3gi\u00e1ban rejl\u0151 potenci\u00e1lt a mobilit\u00e1si szektor \u00e1talakul\u00e1s\u00e1nak felgyors\u00edt\u00e1s\u00e1ra is fel kell haszn\u00e1lnunk. A hidrog\u00e9n az emisszi\u00f3-mentes mobilit\u00e1s hi\u00e1nyz\u00f3 darabja, mivel egyetlen modern m\u0171szaki megold\u00e1s nem elegend\u0151 ahhoz, hogy nemzetk\u00f6zileg kl\u00edmasemleges mobilit\u00e1st \u00e9rj\u00fcnk el\u201d \u2013 tette hozz\u00e1.<\/p>\n<div id=\"attachment_4789\" style=\"width: 810px\" class=\"wp-caption aligncenter\"><a href=\"https:\/\/www.automatic-security.info\/wp-content\/uploads\/2023\/03\/a-bmw-group-hidrogen-meghajtasu-autokat-gurit-ki-az-utakra-a-bmw-ix5-hydrogen-tesztflottaja-megerkezett.jpg\"><img aria-describedby=\"caption-attachment-4789\" loading=\"lazy\" class=\"size-full wp-image-4789\" src=\"https:\/\/www.automatic-security.info\/wp-content\/uploads\/2023\/03\/a-bmw-group-hidrogen-meghajtasu-autokat-gurit-ki-az-utakra-a-bmw-ix5-hydrogen-tesztflottaja-megerkezett.jpg\" alt=\"A BMW Group hidrog\u00e9n-meghajt\u00e1s\u00fa g\u00e9pkocsikat gur\u00edt ki az utakra: a BMW iX5 Hydrogen tesztflott\u00e1ja megj\u00f6tt\" width=\"800\" height=\"532\" srcset=\"https:\/\/www.automatic-security.info\/wp-content\/uploads\/2023\/03\/a-bmw-group-hidrogen-meghajtasu-autokat-gurit-ki-az-utakra-a-bmw-ix5-hydrogen-tesztflottaja-megerkezett.jpg 800w, https:\/\/www.automatic-security.info\/wp-content\/uploads\/2023\/03\/a-bmw-group-hidrogen-meghajtasu-autokat-gurit-ki-az-utakra-a-bmw-ix5-hydrogen-tesztflottaja-megerkezett-300x200.jpg 300w, https:\/\/www.automatic-security.info\/wp-content\/uploads\/2023\/03\/a-bmw-group-hidrogen-meghajtasu-autokat-gurit-ki-az-utakra-a-bmw-ix5-hydrogen-tesztflottaja-megerkezett-768x511.jpg 768w, https:\/\/www.automatic-security.info\/wp-content\/uploads\/2023\/03\/a-bmw-group-hidrogen-meghajtasu-autokat-gurit-ki-az-utakra-a-bmw-ix5-hydrogen-tesztflottaja-megerkezett-150x100.jpg 150w, https:\/\/www.automatic-security.info\/wp-content\/uploads\/2023\/03\/a-bmw-group-hidrogen-meghajtasu-autokat-gurit-ki-az-utakra-a-bmw-ix5-hydrogen-tesztflottaja-megerkezett-600x400.jpg 600w\" sizes=\"(max-width: 800px) 100vw, 800px\" \/><\/a><p id=\"caption-attachment-4789\" class=\"wp-caption-text\">A BMW Group hidrog\u00e9n-meghajt\u00e1s\u00fa g\u00e9pkocsikat gur\u00edt ki az utakra: a BMW iX5 Hydrogen tesztflott\u00e1ja megj\u00f6tt<\/p><\/div>\n<h3>A BMW iX5\u00a0Hydrogen<\/h3>\n<p>Az aktu\u00e1lis BMW X5\u00a0m\u0171szaki alapjaira fejlesztett BMW iX5\u00a0Hydrogen koncepci\u00f3j\u00e1t els\u0151 \u00edzben 2019-ben, a Frankfurti Internacion\u00e1lis Aut\u00f3szalonon mutatta be a bajor pr\u00e9miumgy\u00e1rt\u00f3. K\u00e9t \u00e9vvel k\u00e9s\u0151bb, a 2021-es aut\u00f3szalonon a modell kiindul\u00e1si protot\u00edpusai m\u00e1r flottaj\u00e1rm\u0171vekk\u00e9nt sz\u00e1ll\u00edtott\u00e1k az aut\u00f3szalon vend\u00e9geit.<\/p>\n<p>A BMW iX5\u00a0Hydrogen hidrog\u00e9n-meghajt\u00e1s\u00fa \u00fczemanyagcella-technol\u00f3gi\u00e1ja a BMW Group technol\u00f3giafejleszt\u00e9si szaktud\u00e1s\u00e1nak \u00fajabb bizony\u00edt\u00e9ka. A BMW Group m\u00f3dszeresen fejleszti tov\u00e1bb a hidrog\u00e9n-meghajt\u00e1s\u00fa \u00fczemanyagcella-technol\u00f3gi\u00e1t, a k\u00e1rosanyag-kibocs\u00e1t\u00e1st\u00f3l mentes saj\u00e1t mobilit\u00e1s egyik lehets\u00e9ges j\u00f6v\u0151beni alternat\u00edv\u00e1jak\u00e9nt.<\/p>\n<h3>A BMW Group technol\u00f3giafejleszt\u00e9si szaktud\u00e1sa<\/h3>\n<p>A BMW Group a M\u00fcnchenben funkcion\u00e1l\u00f3 Kutat\u00e1si \u00e9s Innov\u00e1ci\u00f3s Centrum (FIZ) k\u00eds\u00e9rleti \u00fczem\u00e9ben \u00e1ll\u00edtja el\u0151 a tesztflotta roppant m\u00f3don hat\u00e9kony \u00fczemanyagcella-technol\u00f3gi\u00e1j\u00e1t, amely a BMW iX5\u00a0Hydrogen egyik centr\u00e1lis alkot\u00f3ja. A modern m\u0171szaki megold\u00e1s folytonosan 125\u00a0kW \/ 170\u00a0l\u00f3er\u0151 maxim\u00e1lis teljes\u00edtm\u00e9ny lead\u00e1s\u00e1ra k\u00e9pes.<\/p>\n<p>Az \u00fczemanyagcell\u00e1kban a tart\u00e1lyokban t\u00e1rolt hidrog\u00e9n \u00e9s a leveg\u0151b\u0151l sz\u00e1rmaz\u00f3 oxig\u00e9n k\u00f6zt k\u00e9miai reakci\u00f3 megy v\u00e9gbe. A hajt\u00e1sl\u00e1nc-technol\u00f3gia hat\u00e9konys\u00e1ga szempontj\u00e1b\u00f3l d\u00f6nt\u0151 jelent\u0151s\u00e9g\u0171 e k\u00e9t elem ell\u00e1t\u00e1s\u00e1nak sz\u00fcntelen biztos\u00edt\u00e1sa. A m\u00e9rn\u00f6k\u00f6k a bels\u0151\u00e9g\u00e9s\u0171 er\u0151forr\u00e1sok technol\u00f3giai megfelel\u0151i mellett \u2013 ak\u00e1rcsak a t\u00f6lt\u0151leveg\u0151-h\u0171t\u0151k, a leveg\u0151sz\u0171r\u0151k, a vez\u00e9rl\u0151egys\u00e9gek \u00e9s az \u00e9rz\u00e9kel\u0151k \u2013 kiv\u00e9teles hidrog\u00e9nkomponenseket is kifejlesztettek a korszer\u0171 m\u0171szaki megold\u00e1s r\u00e9sz\u00e9re. Ilyen p\u00e9ld\u00e1ul a turbin\u00e1val dolgoz\u00f3 nagysebess\u00e9g\u0171 kompresszor \u00e9s a nagyfesz\u00fclts\u00e9g\u0171 h\u0171t\u0151v\u00edzszivatty\u00fa is.<\/p>\n<p>A BMW iX5\u00a0Hydrogen rendhagy\u00f3 \u00fczemanyagcell\u00e1i a Toyota Motor Corporation oldal\u00e1n gy\u00fcm\u00f6lcs\u00f6z\u0151 technol\u00f3giafejleszt\u00e9si \u00f6sszefog\u00e1s eredm\u00e9nyei. A k\u00e9t t\u00e1rsas\u00e1g \u00e9vek \u00f3ta \u00e1polja k\u00f6lcs\u00f6n\u00f6s bizalomra \u00e9p\u00fcl\u0151 partners\u00e9g\u00e9t, melynek \u00e9gisze alatt 2013\u00a0\u00f3ta v\u00e1llvetve dolgoznak az \u00fczemanyagcell\u00e1ra \u00e9p\u00fcl\u0151 hajt\u00e1sl\u00e1nc-technol\u00f3gia kifejleszt\u00e9s\u00e9n \u00e9s finomhangol\u00e1s\u00e1n.<\/p>\n<p>Az \u00fczemanyagcella-rendszerek gy\u00e1rt\u00e1sa k\u00e9t f\u0151 l\u00e9p\u00e9sb\u0151l \u00e1ll: az egyes \u00fczemanyagcell\u00e1kat el\u0151bb k\u00f6tegekbe rendezik, amelyek azt\u00e1n minden t\u00f6bbi alkatr\u00e9sszel egyes\u00fclt er\u0151vel alkotj\u00e1k az \u00fczemanyagcella-rendszereket.<\/p>\n<p>Az \u00fczemanyagcell\u00e1k k\u00f6tegekbe rendez\u00e9se marad\u00e9ktalanul automatiz\u00e1lt folyamat. Miut\u00e1n az egyes alkatr\u00e9szeket megvizsg\u00e1lt\u00e1k, hogy nem s\u00e9r\u00fcltek-e meg, a k\u00f6tegeket g\u00e9pi er\u0151vel, \u00f6ttonn\u00e1nyi nyom\u00f3er\u0151vel nyomj\u00e1k \u00f6ssze egy egy\u00fcttes h\u00e1zba. Ezt a h\u00e1zat a BMW Group Landshutban funkcion\u00e1l\u00f3 \u00fczem\u00e9nek k\u00f6nny\u0171f\u00e9m\u00f6nt\u00f6d\u00e9je \u00e1ll\u00edtja el\u0151, k\u00fcl\u00f6nleges homok\u00f6nt\u00e9si elj\u00e1r\u00e1ssal.<\/p>\n<p>Ut\u00f3bbi eset\u00e9n az olvadt alum\u00edniumot egy gyant\u00e1val kevert, s\u0171r\u00edtett homokb\u00f3l k\u00e9sz\u00fclt form\u00e1ba \u00f6ntik. Ezt az elj\u00e1r\u00e1si folyamatot konkr\u00e9tan ehhez a kissz\u00e9ri\u00e1s j\u00e1rm\u0171h\u00f6z fejlesztett\u00e9k ki.<\/p>\n<p>A nyom\u00f3lemez \u2013 amelyiknek feladata, hogy hidrog\u00e9nt \u00e9s oxig\u00e9nt sz\u00e1ll\u00edtson az \u00fczemanyagcella-k\u00f6tegekbe \u2013 \u00f6nt\u00f6tt m\u0171anyag alkatr\u00e9szekb\u0151l \u00e9s k\u00f6nny\u0171f\u00e9m-\u00f6ntv\u00e9nyekb\u0151l k\u00e9sz\u00fcl, ugyancsak a v\u00e1llalatcsoport Landshutban funkcion\u00e1l\u00f3 l\u00e9tes\u00edtm\u00e9ny\u00e9ben. A nyom\u00f3lemez g\u00e1z- \u00e9s v\u00edzz\u00e1r\u00f3 t\u00f6m\u00edt\u00e9st k\u00e9pez az \u00fczemanyagcella-k\u00f6tegek h\u00e1za k\u00f6r\u00fcl.<\/p>\n<p>Az \u00fczemanyagcella-k\u00f6tegek v\u00e9gs\u0151 \u00f6sszeszerel\u00e9s\u00e9nek r\u00e9sze a fesz\u00fclts\u00e9gvizsg\u00e1lat, r\u00e1ad\u00e1sul az egyes cell\u00e1kon bel\u00fcli k\u00e9miai reakci\u00f3 \u00e1tfog\u00f3 tesztel\u00e9se is. Az \u00fczemanyagcella-rendszer elt\u00e9r\u0151 alkatr\u00e9szeit v\u00e9g\u00fcl az \u00f6sszeszerel\u0151 f\u00e1zisban \u00e9p\u00edtik \u00f6ssze.<\/p>\n<p>Itt olyan \u00fajabb alkatr\u00e9szek ker\u00fclnek a hely\u00fckre, ak\u00e1rcsak a kompresszor, az an\u00f3d \u00e9s a kat\u00f3d, a nagyfesz\u00fclts\u00e9g\u0171 h\u0171t\u0151v\u00edzszivatty\u00fa \u00e9s a k\u00e1belk\u00f6teg.<\/p>\n<p>A lemezek alatt a BMW eDrive hajt\u00e1sl\u00e1nc-technol\u00f3gia leg\u00fajabb, \u00f6t\u00f6dik gener\u00e1ci\u00f3s elektromos motorja, v\u00e1lt\u00f3ja \u00e9s vez\u00e9rl\u0151elektronik\u00e1ja egy konkr\u00e9tan a modell saj\u00e1toss\u00e1gai alapj\u00e1n megtervezett, nagyteljes\u00edtm\u00e9ny\u0171 akkumul\u00e1torral dolgozik egyes\u00fclt er\u0151vel, 295\u00a0kW \/ 401\u00a0l\u00f3er\u0151 maxim\u00e1lis rendszerteljes\u00edtm\u00e9nyt k\u00edn\u00e1lva. Lassul\u00e1s \u00e9s f\u00e9kez\u00e9s k\u00f6zben az elektromos motor gener\u00e1tork\u00e9nt \u00fczemel, amely a felszabadul\u00f3 energi\u00e1kat folytonosan visszat\u00f6lti az akkumul\u00e1torba.<\/p>\n<h3>Gy\u00e1rt\u00e1s a M\u00fcnchenben funkcion\u00e1l\u00f3 Kutat\u00e1si \u00e9s Innov\u00e1ci\u00f3s Centrum (FIZ) k\u00eds\u00e9rleti \u00fczem\u00e9ben<\/h3>\n<p>A BMW iX5\u00a0Hydrogen a BMW Group M\u00fcnchenben funkcion\u00e1l\u00f3 Kutat\u00e1si \u00e9s Innov\u00e1ci\u00f3s Center\u00e9nek (FIZ) k\u00eds\u00e9rleti \u00fczem\u00e9ben k\u00e9sz\u00fcl, amely a j\u00e1rm\u0171fejleszt\u00e9s \u00e9s a sorozatgy\u00e1rt\u00e1s k\u00f6ztes \u00e1llom\u00e1sa: a v\u00e1llalatcsoport minden m\u00e1rk\u00e1j\u00e1nak minden egyes \u00fajdons\u00e1ga els\u0151 \u00edzben itt l\u00e1t napvil\u00e1got. A karossz\u00e9riagy\u00e1rt\u00e1s, az \u00f6sszeszerel\u00e9s, a modellm\u00e9rn\u00f6ks\u00e9g, a tanulm\u00e1nyaut\u00f3-\u00e9p\u00edt\u00e9s \u00e9s az addit\u00edv gy\u00e1rt\u00e1s ter\u00fclet\u00e9n itt \u00f6sszesen csaknem 900\u00a0ember dolgozik, p\u00e1rhuzamosan egyidej\u0171leg ak\u00e1r hat projekten.<\/p>\n<p>Az \u0151 feladatuk ellen\u0151rizni, hogy a fejleszt\u0151m\u00e9rn\u00f6k\u00f6k v\u00e9gterm\u00e9ke meg\u00e9rett-e a sorozatgy\u00e1rt\u00e1sra, mind a port\u00e9ka min\u0151s\u00e9g\u00e9t, mind mindazon\u00e1ltal a gy\u00e1rt\u00e1si folyamat g\u00f6rd\u00fcl\u00e9kenys\u00e9g\u00e9t n\u00e9zve. A BMW iX5\u00a0Hydrogen tekintet\u00e9ben a hidrog\u00e9n-technol\u00f3gia szak\u00e9rt\u0151i, a j\u00e1rm\u0171fejleszt\u0151 m\u00e9rn\u00f6k\u00f6k \u00e9s a korszer\u0171 modellek kiindul\u00e1si \u00f6sszeszerel\u00e9s\u00e9t v\u00e9gz\u0151 mesterek szorosan egy\u00fcttm\u0171k\u00f6dtek, hogy a cs\u00facstechnol\u00f3gi\u00e1s hajt\u00e1sl\u00e1ncot \u00e9s az energiat\u00e1rol\u00f3 modern m\u0171szaki megold\u00e1st a lehet\u0151 legoptim\u00e1lisabban \u00e9p\u00edts\u00e9k be a modellbe.<\/p>\n<h3>A hidrog\u00e9n-technol\u00f3gia sz\u00e9lsebes \u00fajrat\u00f6lt\u00e9st k\u00edn\u00e1l<\/h3>\n<p>Az energiaforr\u00e1sk\u00e9nt szolg\u00e1l\u00f3 hidrog\u00e9nt k\u00e9t darab, egyenk\u00e9nt 700\u00a0bar nyom\u00e1s\u00fa, sz\u00e9nsz\u00e1l-er\u0151s\u00edt\u00e9s\u0171 m\u0171anyagb\u00f3l (CFRP) k\u00e9sz\u00fclt tart\u00e1ly rakt\u00e1rozza a BMW iX5\u00a0Hydrogen fed\u00e9lzet\u00e9n. A k\u00e9t tart\u00e1ly k\u00f6z\u00f6sen csaknem 6\u00a0kilogramm hidrog\u00e9n t\u00e1rol\u00e1s\u00e1ra k\u00e9pes, amellyel a modell a val\u00f3s st\u00e1tuszok k\u00f6zti legdinamikusabb j\u00e1rm\u0171haszn\u00e1lat eredm\u00e9nyeit vizsg\u00e1l\u00f3, \u00e1tfog\u00f3 szabv\u00e1ny alapj\u00e1n funkcion\u00e1l\u00f3 tesztciklus (WLTP \u2013 Worldwide Harmonized Light Vehicle Test Procedure) m\u00e9r\u00e9sei alapj\u00e1n 504\u00a0kilom\u00e9ter megt\u00e9tel\u00e9re k\u00e9pes. A hidrog\u00e9ntart\u00e1lyok \u00fajrat\u00f6lt\u00e9se ek\u00f6zben mind\u00f6ssze h\u00e1rom-n\u00e9gy percet vesz ig\u00e9nybe, amely azt jelenti, hogy a BMW iX5\u00a0Hydrogen m\u00e9g a hosszabbra ny\u00fal\u00f3 utaz\u00e1sok alkalm\u00e1val is k\u00e9pes a BMW \u00e1ltal f\u00e9mjelzett, hamis\u00edtatlan vezet\u00e9si \u00e9lm\u00e9nyt ny\u00fajtani, az utaz\u00e1s alatt mind\u00f6ssze p\u00e1r sz\u00e9lsebes meg\u00e1ll\u00f3val.<\/p>\n<h3>A BMW iX5\u00a0Hydrogen m\u0171szaki adatainak, menettulajdons\u00e1gainak, fogyaszt\u00e1si \u00e9rt\u00e9keinek \u00e9s hat\u00f3t\u00e1vols\u00e1g\u00e1nak \u00f6sszefoglal\u00e1sa<\/h3>\n<ul>\n<li>Maxim\u00e1lis rendszerteljes\u00edtm\u00e9ny: 295\u00a0kW \/ 401\u00a0l\u00f3er\u0151<\/li>\n<li>Az \u00fczemanyagcella-technol\u00f3gia folytonosan rendelkez\u00e9sre \u00e1ll\u00f3 maxim\u00e1lis teljes\u00edtm\u00e9nye: 125\u00a0kW \/ 170\u00a0l\u00f3er\u0151<\/li>\n<li>Az \u00e1ramforr\u00e1s (l\u00edtium-ion modern m\u0171szaki megold\u00e1s) maxim\u00e1lis teljes\u00edtm\u00e9nye: 170\u00a0kW \/ 231\u00a0l\u00f3er\u0151<\/li>\n<li>A hajt\u00e1sl\u00e1nc-technol\u00f3gia maxim\u00e1lis rendszerteljes\u00edtm\u00e9nye: 295\u00a0kW \/ 401\u00a0l\u00f3er\u0151<\/li>\n<li>A hidrog\u00e9ntart\u00e1lyok t\u00e9rfogata: 6\u00a0kilogramm<\/li>\n<li>Gyorsul\u00e1s 0-100\u00a0km\/\u00f3ra: mind\u00f6ssze 6\u00a0m\u00e1sodperc<\/li>\n<li>V\u00e9gsebess\u00e9g: 180\u00a0km\/\u00f3ra f\u00f6l\u00f6tt<\/li>\n<li>Hidrog\u00e9nfogyaszt\u00e1s (WLTP): 1,19\u00a0kg \/ 100\u00a0km<\/li>\n<li>Hat\u00f3t\u00e1vols\u00e1g (WLTP): 504\u00a0km<\/li>\n<li>Az \u00fczemanyagcella-technol\u00f3gia nagym\u00e9rt\u00e9kben hozz\u00e1j\u00e1rul a sz\u00e9ndioxid-mentes\u00edt\u00e9shez<\/li>\n<\/ul>\n<p>A BMW Group a n\u00e9metorsz\u00e1gi aut\u00f3gy\u00e1rt\u00f3 \u00fczemek k\u00f6z\u00fcl els\u0151k\u00e9nt csatlakozott az SBTI (Science Based Targets Initiative) 1,5\u00a0fokos kereskedelmi terv\u00e9hez, amellyel p\u00e1rhuzamosan az eg\u00e9sz \u00e9rt\u00e9kl\u00e1nc\u00e1ra vet\u00edtett eg\u00e9sz kl\u00edmasemlegess\u00e9g hossz\u00fat\u00e1v\u00fa c\u00e9lja mellett is marad\u00e9ktalanul elk\u00f6telez\u0151d\u00f6tt.<\/p>\n<p>A k\u00f6vetkez\u0151 l\u00e9p\u00e9s e tekintetben, hogy a 2019-es \u00e9rt\u00e9kekhez viszony\u00edtva 2030-ra a BMW Group eg\u00e9sz \u00e9rt\u00e9kl\u00e1nc\u00e1ban \u2013 a besz\u00e1ll\u00edt\u00f3i h\u00e1l\u00f3zatt\u00f3l kezdve, a sorozatgy\u00e1rt\u00e1si folyamatokon \u00e1t, eg\u00e9szen a felhaszn\u00e1l\u00f3i f\u00e1zisig \u2013 legal\u00e1bb 40\u00a0sz\u00e1zal\u00e9kkal cs\u00f6kkentse az egy legy\u00e1rtott \u00faj aut\u00f3j\u00e1ra vet\u00edtett k\u00e1rosanyag-kibocs\u00e1t\u00e1s m\u00e9rt\u00e9k\u00e9t.<\/p>\n<p>2022-ben a BMW Group az eg\u00e9sz vil\u00e1gon t\u00f6bb mint 215\u00a0000\u00a0darab tiszt\u00e1n elektromos meghajt\u00e1s\u00fa modellt adott el, amely a 2021-es teljes\u00edtm\u00e9nyhez k\u00e9pest csaknem 108\u00a0sz\u00e1zal\u00e9kos fejl\u0151d\u00e9s, egy\u00fattal a v\u00e1llalatcsoport eg\u00e9sz tavalyi \u00e9ves \u00e9rt\u00e9kes\u00edt\u00e9si eredm\u00e9ny\u00e9nek hozz\u00e1vet\u0151legesen 9\u00a0sz\u00e1zal\u00e9ka. A BMW Group c\u00e9lja, hogy 2023-ban ezt az \u00e9rt\u00e9ket 15\u00a0sz\u00e1zal\u00e9kra emelje.<\/p>\n<p>A v\u00e1llalatcsoport mindemellett azt is c\u00e9lul t\u0171zte ki, hogy legk\u00e9s\u0151bb 2030-ra m\u00e1r eg\u00e9sz \u00e9ves \u00e9rt\u00e9kes\u00edt\u00e9si mutat\u00f3ja t\u00f6bb mint 50\u00a0sz\u00e1zal\u00e9k\u00e1t tiszt\u00e1n elektromos meghajt\u00e1s\u00fa modellek adj\u00e1k.<\/p>\n<p>A BMW Group az \u00fczemanyagcella-technol\u00f3gi\u00e1ra konkr\u00e9tan a nagyfesz\u00fclts\u00e9g\u0171 akkumul\u00e1torral szerelt, h\u00e1l\u00f3zatr\u00f3l t\u00f6lthet\u0151 modellek val\u00f3sz\u00edn\u0171s\u00edthet\u0151 kieg\u00e9sz\u00edt\u00e9sek\u00e9nt tekint.<\/p>\n<h3>A hidrog\u00e9n, mint az emisszi\u00f3-mentes mobilit\u00e1s \u00e9rdek\u00e9ben tett \u00e1tfog\u00f3 int\u00e9zked\u00e9sek alkot\u00f3eleme<\/h3>\n<p>Az internacion\u00e1lis Energia\u00fcgyn\u00f6ks\u00e9g (IEA \u2013 International Energy Agency) \u00e1ll\u00e1spontja alapj\u00e1n korszer\u0171 energiaforr\u00e1sk\u00e9nt a hidrog\u00e9nben sz\u00e1mottev\u0151 potenci\u00e1l rejlik, mivelhogy t\u00e1rolhat\u00f3s\u00e1gi \u00e9s sz\u00e1ll\u00edthat\u00f3s\u00e1gi adotts\u00e1gainak h\u00e1la felett\u00e9bb sz\u00e9les felhaszn\u00e1l\u00e1si tartom\u00e1nyban alkalmazhat\u00f3. A legink\u00e1bb iparosodott orsz\u00e1gokban \u00edgy a hidrog\u00e9nnel m\u00e1r most hangs\u00falyos t\u00e9nyez\u0151k\u00e9nt sz\u00e1molnak. A sz\u00e1ll\u00edtm\u00e1nyoz\u00e1si szektorban a hidrog\u00e9n a nagyfesz\u00fclts\u00e9g\u0171 akkumul\u00e1torr\u00f3l t\u00e1pl\u00e1lt elektromos mobilit\u00e1s kieg\u00e9sz\u00edt\u0151 technol\u00f3giai opci\u00f3jak\u00e9nt kaphat teret, hossz\u00fat\u00e1von is val\u00f3ra v\u00e1ltva a fenntarthat\u00f3 mag\u00e1n mobilit\u00e1s \u00edg\u00e9ret\u00e9t.<\/p>\n<p>Ez ellenben nagym\u00e9rt\u00e9kben f\u00fcgg a z\u00f6ldenergia felhaszn\u00e1l\u00e1s\u00e1val, versenyk\u00e9pes \u00e1ron el\u0151\u00e1ll\u00edtott nagymennyis\u00e9g\u0171 hidrog\u00e9n el\u00e9rhet\u0151s\u00e9g\u00e9t\u0151l \u00e9s az ehhez elengedhetetlen j\u00e1rm\u0171t\u00f6lt\u00e9si infrastrukt\u00fara j\u00f3 n\u00e9h\u00e1ny orsz\u00e1gban m\u00e1r intenz\u00edven megkezdett ki\u00e9p\u00edt\u00e9s\u00e9t\u0151l.<\/p>\n<p>A BMW Group \u00fcdv\u00f6zli \u00e9s patron\u00e1lja azokat a n\u00e9metorsz\u00e1gi \u00e9s eur\u00f3pai int\u00e9zked\u00e9seket, amelyek t\u00e1mogatj\u00e1k a hidrog\u00e9ngazdas\u00e1g ki\u00e9p\u00edt\u00e9s\u00e9t \u00e9s felgyors\u00edtj\u00e1k a z\u00f6ldhidrog\u00e9n gy\u00e1rt\u00e1s\u00e1t. Ebbe a kateg\u00f3ri\u00e1ba soroland\u00f3k az egy\u00fcttes eur\u00f3pai \u00e9rdekeket v\u00e9d\u0151 IPCEI (Important Project of Common European Interest) keretein bel\u00fcl ind\u00edtott nagy volumen\u0171 hidrog\u00e9nprojektek is.<\/p>\n<p>A N\u00e9met Gazdas\u00e1gi Miniszt\u00e9rium \u00e9s a N\u00e9met K\u00f6zleked\u00e9s\u00fcgyi Miniszt\u00e9rium t\u00e1mogat\u00e1s\u00e1t \u00e9lvez\u0151 projektek az eg\u00e9sz \u00e9rt\u00e9kl\u00e1ncra kiterjednek \u2013 a hidrog\u00e9ngy\u00e1rt\u00e1st\u00f3l kezdve, a sz\u00e1ll\u00edtm\u00e1nyoz\u00e1son \u00e1t, eg\u00e9szen az ipar\u00e1gi alkalmaz\u00e1sokig.<\/p>\n<p>A hidrog\u00e9n-meghajt\u00e1s\u00fa \u00fczemanyagcella-technol\u00f3gi\u00e1ban minden potenci\u00e1l megvan ahhoz, hogy pomp\u00e1s helyzetek k\u00f6zt a BMW Group hajt\u00e1sl\u00e1nc-technol\u00f3giai portf\u00f3li\u00f3j\u00e1n az emisszi\u00f3-mentes perszon\u00e1lis mobilit\u00e1s egyik pill\u00e9rj\u00e9v\u00e9 v\u00e1ljon.<\/p>\n","protected":false},"excerpt":{"rendered":"<p>A val\u00f3s \u00e1llapotok k\u00f6zt haszn\u00e1lt tesztp\u00e9ld\u00e1nyok \u00e9rt\u00e9kes tud\u00e1sb\u00e1zist hoznak l\u00e9tre \u00e9s megalapozz\u00e1k a lehet\u0151s\u00e9g szerinti j\u00f6v\u0151beni sorozatgy\u00e1rt\u00e1st. A BMW Group b\u00fcszk\u00e9n ismerteti r\u00e9szleteiben is az internacion\u00e1lis m\u00e9dia k\u00e9pvisel\u0151inek id\u00e9n szolg\u00e1latba \u00e1ll\u00f3 tesztflott\u00e1ja els\u0151 p\u00e9ld\u00e1nyait. A BMW iX5\u00a0Hydrogen n\u00e9gy\u00e9vnyi fejleszt\u0151munka eredm\u00e9nyek\u00e9nt \u00e9rkezik meg az utakra. A alig sz\u00e1z modellb\u0151l \u00e1ll\u00f3 tesztflotta\u2026<\/p>\n<p class=\"continue-reading-button\"> <a class=\"continue-reading-link\" href=\"https:\/\/www.automatic-security.info\/?p=4797\">tov\u00e1bb<i class=\"crycon-right-dir\"><\/i><\/a><\/p>\n","protected":false},"author":4,"featured_media":4789,"comment_status":"closed","ping_status":"closed","sticky":false,"template":"","format":"standard","meta":[],"categories":[117],"tags":[],"aioseo_notices":[],"_links":{"self":[{"href":"https:\/\/www.automatic-security.info\/index.php?rest_route=\/wp\/v2\/posts\/4797"}],"collection":[{"href":"https:\/\/www.automatic-security.info\/index.php?rest_route=\/wp\/v2\/posts"}],"about":[{"href":"https:\/\/www.automatic-security.info\/index.php?rest_route=\/wp\/v2\/types\/post"}],"author":[{"embeddable":true,"href":"https:\/\/www.automatic-security.info\/index.php?rest_route=\/wp\/v2\/users\/4"}],"replies":[{"embeddable":true,"href":"https:\/\/www.automatic-security.info\/index.php?rest_route=%2Fwp%2Fv2%2Fcomments&post=4797"}],"version-history":[{"count":1,"href":"https:\/\/www.automatic-security.info\/index.php?rest_route=\/wp\/v2\/posts\/4797\/revisions"}],"predecessor-version":[{"id":4798,"href":"https:\/\/www.automatic-security.info\/index.php?rest_route=\/wp\/v2\/posts\/4797\/revisions\/4798"}],"wp:featuredmedia":[{"embeddable":true,"href":"https:\/\/www.automatic-security.info\/index.php?rest_route=\/wp\/v2\/media\/4789"}],"wp:attachment":[{"href":"https:\/\/www.automatic-security.info\/index.php?rest_route=%2Fwp%2Fv2%2Fmedia&parent=4797"}],"wp:term":[{"taxonomy":"category","embeddable":true,"href":"https:\/\/www.automatic-security.info\/index.php?rest_route=%2Fwp%2Fv2%2Fcategories&post=4797"},{"taxonomy":"post_tag","embeddable":true,"href":"https:\/\/www.automatic-security.info\/index.php?rest_route=%2Fwp%2Fv2%2Ftags&post=4797"}],"curies":[{"name":"wp","href":"https:\/\/api.w.org\/{rel}","templated":true}]}}